{"id":220668,"date":"2013-09-02T00:00:00","date_gmt":"2013-09-02T00:00:00","guid":{"rendered":"https:\/\/www.ecuadortimes.net\/es\/nelson-mandela-es-dado-de-alta\/"},"modified":"2013-09-02T00:00:00","modified_gmt":"2013-09-02T00:00:00","slug":"nelson-mandela-es-dado-de-alta","status":"publish","type":"post","link":"https:\/\/www.ecuadortimes.net\/es\/nelson-mandela-es-dado-de-alta\/","title":{"rendered":"Nelson Mandela es dado de alta"},"content":{"rendered":"<p><img loading=\"lazy\" class=\" wp-image-126231 alignleft\" title=\"Screen Shot 2013-09-02 at 13.23.45\" src=\"http:\/\/media.ecuadortimes.net\/2013\/09\/Screen-Shot-2013-09-02-at-13.23.451.png\" alt=\"\" width=\"298\" height=\"225\" \/>El expresidente de Sud\u00e1frica a\u00fan se encuentra delicado y su situaci\u00f3n es cr\u00edtica, pero los m\u00e9dicos han decidido trasladarlo a su residencia donde se ha acondicionado un espacio donde recibir\u00e1 cuidados intensivos. Fue dado de alta ayer del hospital de Pretoria tras ser ingresado el pasado 8 de junio y permanecer\u00e1 en su casa de Johannesburgo.<\/p>\n<p>El regreso de Mandela a su hogar fue anunciado por el presidente de Sud\u00e1frica, quien dijo que Mandela, de 95 a\u00f1os, contin\u00faa en estado cr\u00edtico y a veces inestable, pero su equipo m\u00e9dico est\u00e1 convencido de que recibir\u00e1 el mismo nivel de cuidados intensivos en su casa de Houghton, Johannesburgo.<\/p>\n<p>Mandela lleg\u00f3 a su domicilio antes del mediod\u00eda en una ambulancia privada, escoltada por la polic\u00eda. En la calle de la residencia de Mandela, curiosos y turistas dejaban ofrendas en su honor.<\/p>\n<p>La Presidencia inform\u00f3 que, si sus condiciones de salud requirieran otra admisi\u00f3n en el hospital en el futuro, as\u00ed se har\u00e1\u009d, a\u00f1adi\u00f3 la fuente.<\/p>\n","protected":false},"excerpt":{"rendered":"<p>El expresidente de Sud\u00e1frica a\u00fan se encuentra delicado y su situaci\u00f3n es cr\u00edtica, pero los m\u00e9dicos han decidido trasladarlo a su residencia donde se ha acondicionado un espacio donde recibir\u00e1 cuidados intensivos. Fue dado de alta ayer del hospital de Pretoria tras ser ingresado el pasado 8 de junio y permanecer\u00e1 en su casa de Johannesburgo. El regreso de Mandela a su hogar fue anunciado por el presidente de Sud\u00e1frica, quien dijo que Mandela, de 95 a\u00f1os, contin\u00faa en estado cr\u00edtico y a veces inestable, pero su equipo m\u00e9dico est\u00e1 convencido de que recibir\u00e1 el mismo nivel de cuidados intensivos en su casa de Houghton, Johannesburgo. Mandela lleg\u00f3 a su domicilio antes del mediod\u00eda en una ambulancia privada, escoltada por la polic\u00eda. En la calle de la residencia de Mandela, curiosos y turistas dejaban ofrendas en su honor. La Presidencia inform\u00f3 que, si sus condiciones de salud requirieran otra admisi\u00f3n en el hospital en el futuro, as\u00ed se har\u00e1\u009d, a\u00f1adi\u00f3 la fuente.<\/p>\n","protected":false},"author":1,"featured_media":0,"comment_status":"open","ping_status":"open","sticky":false,"template":"","format":"standard","meta":[],"categories":[36],"tags":[],"_links":{"self":[{"href":"https:\/\/www.ecuadortimes.net\/es\/wp-json\/wp\/v2\/posts\/220668"}],"collection":[{"href":"https:\/\/www.ecuadortimes.net\/es\/wp-json\/wp\/v2\/posts"}],"about":[{"href":"https:\/\/www.ecuadortimes.net\/es\/wp-json\/wp\/v2\/types\/post"}],"author":[{"embeddable":true,"href":"https:\/\/www.ecuadortimes.net\/es\/wp-json\/wp\/v2\/users\/1"}],"replies":[{"embeddable":true,"href":"https:\/\/www.ecuadortimes.net\/es\/wp-json\/wp\/v2\/comments?post=220668"}],"version-history":[{"count":0,"href":"https:\/\/www.ecuadortimes.net\/es\/wp-json\/wp\/v2\/posts\/220668\/revisions"}],"wp:attachment":[{"href":"https:\/\/www.ecuadortimes.net\/es\/wp-json\/wp\/v2\/media?parent=220668"}],"wp:term":[{"taxonomy":"category","embeddable":true,"href":"https:\/\/www.ecuadortimes.net\/es\/wp-json\/wp\/v2\/categories?post=220668"},{"taxonomy":"post_tag","embeddable":true,"href":"https:\/\/www.ecuadortimes.net\/es\/wp-json\/wp\/v2\/tags?post=220668"}],"curies":[{"name":"wp","href":"https:\/\/api.w.org\/{rel}","templated":true}]}}