{"id":220669,"date":"2013-09-02T00:00:00","date_gmt":"2013-09-02T00:00:00","guid":{"rendered":"https:\/\/www.ecuadortimes.net\/es\/grupo-gloria-pagara-utilidades-a-trabajadores-de-ecudos-bajo-protesta\/"},"modified":"2013-09-02T00:00:00","modified_gmt":"2013-09-02T00:00:00","slug":"grupo-gloria-pagara-utilidades-a-trabajadores-de-ecudos-bajo-protesta","status":"publish","type":"post","link":"https:\/\/www.ecuadortimes.net\/es\/grupo-gloria-pagara-utilidades-a-trabajadores-de-ecudos-bajo-protesta\/","title":{"rendered":"Grupo Gloria pagar\u00e1 utilidades a trabajadores de Ecudos bajo protesta"},"content":{"rendered":"<p><strong>El grupo due\u00f1o de la mayor\u00eda de las acciones de la planta azucarera Ecudos, resolvi\u00f3 depositar $ 1.8 millones en el Ministerio de Relaciones Laborales, por concepto de pago de utilidades, pertenecientes al periodo 2004 \u0093 2008, para los trabajadores del ingenio.<\/strong><\/p>\n<p><strong>Ricardo Noboa Bejarano, representante legal del Grupo Gloria, asegura que se imputar\u00e1 el pago de las utilidades a las cuentas que tienen que cancelar al Estado ecuatoriano, de esa manera, se esperar\u00e1 que el Gobierno, a trav\u00e9s de la Unidad de Gesti\u00f3n y Ejecuci\u00f3n de Derecho P\u00fablico (Ugedep) Fideicomiso AGD-CFN No M\u00e1s Impunidad, acepte que se impute ese pago.<\/strong><\/p>\n<p>Noboa revel\u00f3 que el Grupo Gloria tiene un contrato de compra-venta de Ecuados, suscrito el 4 de octubre de 2011. En dicho contrato existe una cl\u00e1usula que especifica que de cualquier compromiso existente antes del 2011 se hace cargo el vendedor.<\/p>\n<p>Queremos que esas utilidades las podamos imputar el d\u00eda de ma\u00f1ana a las cuentas que tenemos que pagarle al Gobierno. Eso es todo lo que queremos, que haya un reconocimiento claro que si nosotros pagamos esas utilidades, esos valores los vamos a imputar a las cuentas. El Presidente de la Rep\u00fablica fue claro ayer s\u00e1bado en decir que paguemos pero tambi\u00e9n dijo que hay un contrato de por medio\u009d, dijo Noboa.<\/p>\n<p>Dej\u00f3 en claro que el pago ser\u00e1 depositado en esta semana siempre y cuando el presidente se comprometa a dejar que se impute el valor.<\/p>\n<div id=\"attachment_126237\" style=\"width: 510px\" class=\"wp-caption aligncenter\"><img aria-describedby=\"caption-attachment-126237\" loading=\"lazy\" class=\"size-full wp-image-126237\" title=\"Planta azucarera Ecudos\" src=\"http:\/\/media.ecuadortimes.net\/2013\/09\/ecudos-pagar-utilidades-imputar-valor-l1.jpg\" alt=\"Planta azucarera Ecudos\" width=\"500\" height=\"355\" \/><p id=\"caption-attachment-126237\" class=\"wp-caption-text\">Planta azucarera Ecudos<\/p><\/div>\n","protected":false},"excerpt":{"rendered":"<p>El grupo due\u00f1o de la mayor\u00eda de las acciones de la planta azucarera Ecudos, resolvi\u00f3 depositar $ 1.8 millones en el Ministerio de Relaciones Laborales, por concepto de pago de utilidades, pertenecientes al periodo 2004 \u0093 2008, para los trabajadores del ingenio. Ricardo Noboa Bejarano, representante legal del Grupo Gloria, asegura que se imputar\u00e1 el pago de las utilidades a las cuentas que tienen que cancelar al Estado ecuatoriano, de esa manera, se esperar\u00e1 que el Gobierno, a trav\u00e9s de la Unidad de Gesti\u00f3n y Ejecuci\u00f3n de Derecho P\u00fablico (Ugedep) Fideicomiso AGD-CFN No M\u00e1s Impunidad, acepte que se impute ese pago. Noboa revel\u00f3 que el Grupo Gloria tiene un contrato de compra-venta de Ecuados, suscrito el 4 de octubre de 2011. En dicho contrato existe una cl\u00e1usula que especifica que de cualquier compromiso existente antes del 2011 se hace cargo el vendedor. Queremos que esas utilidades las podamos imputar el d\u00eda de ma\u00f1ana a las cuentas que tenemos que pagarle al Gobierno. Eso es todo lo que queremos, que haya un reconocimiento claro que si nosotros pagamos esas utilidades, esos valores los vamos a imputar a las cuentas. El Presidente de la Rep\u00fablica fue claro ayer s\u00e1bado en decir que paguemos pero tambi\u00e9n dijo que hay un contrato de por medio\u009d, dijo Noboa. Dej\u00f3 en claro que el pago ser\u00e1 depositado en esta semana siempre y cuando el presidente se comprometa a dejar que se impute el valor.<\/p>\n","protected":false},"author":1,"featured_media":220670,"comment_status":"open","ping_status":"open","sticky":false,"template":"","format":"standard","meta":[],"categories":[43,37],"tags":[],"_links":{"self":[{"href":"https:\/\/www.ecuadortimes.net\/es\/wp-json\/wp\/v2\/posts\/220669"}],"collection":[{"href":"https:\/\/www.ecuadortimes.net\/es\/wp-json\/wp\/v2\/posts"}],"about":[{"href":"https:\/\/www.ecuadortimes.net\/es\/wp-json\/wp\/v2\/types\/post"}],"author":[{"embeddable":true,"href":"https:\/\/www.ecuadortimes.net\/es\/wp-json\/wp\/v2\/users\/1"}],"replies":[{"embeddable":true,"href":"https:\/\/www.ecuadortimes.net\/es\/wp-json\/wp\/v2\/comments?post=220669"}],"version-history":[{"count":0,"href":"https:\/\/www.ecuadortimes.net\/es\/wp-json\/wp\/v2\/posts\/220669\/revisions"}],"wp:featuredmedia":[{"embeddable":true,"href":"https:\/\/www.ecuadortimes.net\/es\/wp-json\/wp\/v2\/media\/220670"}],"wp:attachment":[{"href":"https:\/\/www.ecuadortimes.net\/es\/wp-json\/wp\/v2\/media?parent=220669"}],"wp:term":[{"taxonomy":"category","embeddable":true,"href":"https:\/\/www.ecuadortimes.net\/es\/wp-json\/wp\/v2\/categories?post=220669"},{"taxonomy":"post_tag","embeddable":true,"href":"https:\/\/www.ecuadortimes.net\/es\/wp-json\/wp\/v2\/tags?post=220669"}],"curies":[{"name":"wp","href":"https:\/\/api.w.org\/{rel}","templated":true}]}}