{"id":220675,"date":"2013-09-02T00:00:00","date_gmt":"2013-09-02T00:00:00","guid":{"rendered":"https:\/\/www.ecuadortimes.net\/es\/precios-bajos-y-poca-productividad-afecta-a-palmeros\/"},"modified":"2013-09-02T00:00:00","modified_gmt":"2013-09-02T00:00:00","slug":"precios-bajos-y-poca-productividad-afecta-a-palmeros","status":"publish","type":"post","link":"https:\/\/www.ecuadortimes.net\/es\/precios-bajos-y-poca-productividad-afecta-a-palmeros\/","title":{"rendered":"Precios bajos y poca productividad afecta a palmeros"},"content":{"rendered":"<p><strong>El precio internacional del aceite crudo proveniente de palma, ha tenido un s\u00fabito descenso de $ 1 240 por tonelada, a $ 717, es decir un 42% menos. Adem\u00e1s, el precio interno local tambi\u00e9n ha sufrido variaciones similares debido al fr\u00edo y la poca luminosidad en las plantaciones de palma.<\/strong><\/p>\n<p>William Quevedo, palmicultor en Esmeraldas, y en representaci\u00f3n de 6 000 productores, solicit\u00f3 al gobierno una intervenci\u00f3n en el asunto, y que ayude ejecutando un plan de competitividad para elevar el rendimiento promedio de 11 toneladas por hect\u00e1rea a 20 toneladas.<\/p>\n<p>Adem\u00e1s, Quevedo solicit\u00f3 acuerdos que aseguren una justa repartici\u00f3n de ganancias entre el costo de materia prima y los productos elaborados por industriales de aceites y grasas, as\u00ed como tambi\u00e9n la posibilidad de retomar el proyecto de Biocombustibles, a fin de darle valor agregado a la palma.<\/p>\n<p>Seg\u00fan datos de la firma Danec, en el 2011 y el 2012 el precio internacional del aceite alcanz\u00f3 los $ 1 240 por tonelada. Actualmente el precio internacional se encuentra en $ 717 y localmente est\u00e1 a $ 780 y el fruto hasta $ 150 por tonelada.<\/p>\n<div id=\"attachment_126262\" style=\"width: 510px\" class=\"wp-caption aligncenter\"><img aria-describedby=\"caption-attachment-126262\" loading=\"lazy\" class=\"size-full wp-image-126262\" title=\"La producci\u00f3n de palma africana en el Ecuador es muy importante para su econom\u00eda.\" src=\"http:\/\/media.ecuadortimes.net\/2013\/09\/palma-africana-produccion-baja-ecuador-l1.jpg\" alt=\"La producci\u00f3n de palma africana en el Ecuador es muy importante para su econom\u00eda.\" width=\"500\" height=\"281\" \/><p id=\"caption-attachment-126262\" class=\"wp-caption-text\">La producci\u00f3n de palma africana en el Ecuador es muy importante para su econom\u00eda.<\/p><\/div>\n","protected":false},"excerpt":{"rendered":"<p>El precio internacional del aceite crudo proveniente de palma, ha tenido un s\u00fabito descenso de $ 1 240 por tonelada, a $ 717, es decir un 42% menos. Adem\u00e1s, el precio interno local tambi\u00e9n ha sufrido variaciones similares debido al fr\u00edo y la poca luminosidad en las plantaciones de palma. William Quevedo, palmicultor en Esmeraldas, y en representaci\u00f3n de 6 000 productores, solicit\u00f3 al gobierno una intervenci\u00f3n en el asunto, y que ayude ejecutando un plan de competitividad para elevar el rendimiento promedio de 11 toneladas por hect\u00e1rea a 20 toneladas. Adem\u00e1s, Quevedo solicit\u00f3 acuerdos que aseguren una justa repartici\u00f3n de ganancias entre el costo de materia prima y los productos elaborados por industriales de aceites y grasas, as\u00ed como tambi\u00e9n la posibilidad de retomar el proyecto de Biocombustibles, a fin de darle valor agregado a la palma. Seg\u00fan datos de la firma Danec, en el 2011 y el 2012 el precio internacional del aceite alcanz\u00f3 los $ 1 240 por tonelada. Actualmente el precio internacional se encuentra en $ 717 y localmente est\u00e1 a $ 780 y el fruto hasta $ 150 por tonelada.<\/p>\n","protected":false},"author":1,"featured_media":220676,"comment_status":"open","ping_status":"open","sticky":false,"template":"","format":"standard","meta":[],"categories":[43,37],"tags":[],"_links":{"self":[{"href":"https:\/\/www.ecuadortimes.net\/es\/wp-json\/wp\/v2\/posts\/220675"}],"collection":[{"href":"https:\/\/www.ecuadortimes.net\/es\/wp-json\/wp\/v2\/posts"}],"about":[{"href":"https:\/\/www.ecuadortimes.net\/es\/wp-json\/wp\/v2\/types\/post"}],"author":[{"embeddable":true,"href":"https:\/\/www.ecuadortimes.net\/es\/wp-json\/wp\/v2\/users\/1"}],"replies":[{"embeddable":true,"href":"https:\/\/www.ecuadortimes.net\/es\/wp-json\/wp\/v2\/comments?post=220675"}],"version-history":[{"count":0,"href":"https:\/\/www.ecuadortimes.net\/es\/wp-json\/wp\/v2\/posts\/220675\/revisions"}],"wp:featuredmedia":[{"embeddable":true,"href":"https:\/\/www.ecuadortimes.net\/es\/wp-json\/wp\/v2\/media\/220676"}],"wp:attachment":[{"href":"https:\/\/www.ecuadortimes.net\/es\/wp-json\/wp\/v2\/media?parent=220675"}],"wp:term":[{"taxonomy":"category","embeddable":true,"href":"https:\/\/www.ecuadortimes.net\/es\/wp-json\/wp\/v2\/categories?post=220675"},{"taxonomy":"post_tag","embeddable":true,"href":"https:\/\/www.ecuadortimes.net\/es\/wp-json\/wp\/v2\/tags?post=220675"}],"curies":[{"name":"wp","href":"https:\/\/api.w.org\/{rel}","templated":true}]}}