{"id":220677,"date":"2013-09-02T00:00:00","date_gmt":"2013-09-02T00:00:00","guid":{"rendered":"https:\/\/www.ecuadortimes.net\/es\/barcelona-y-messi-no-paran-de-lucir\/"},"modified":"2013-09-02T00:00:00","modified_gmt":"2013-09-02T00:00:00","slug":"barcelona-y-messi-no-paran-de-lucir","status":"publish","type":"post","link":"https:\/\/www.ecuadortimes.net\/es\/barcelona-y-messi-no-paran-de-lucir\/","title":{"rendered":"Barcelona y Messi no paran de lucir"},"content":{"rendered":"<div id=\"attachment_126272\" style=\"width: 310px\" class=\"wp-caption alignleft\"><img aria-describedby=\"caption-attachment-126272\" loading=\"lazy\" class=\"size-medium wp-image-126272\" title=\"Lionel Messi\" src=\"http:\/\/media.ecuadortimes.net\/2013\/09\/Lionel-Messi-wins3-300x225.jpg\" alt=\"Lionel Messi\" width=\"300\" height=\"225\" \/><p id=\"caption-attachment-126272\" class=\"wp-caption-text\">Lionel Messi<\/p><\/div>\n<p><strong>La estrella argentina anot\u00f3 los tres goles con los que el club catal\u00e1n gan\u00f3 3 a 2 al Valencia y, junto al Real Madrid y al Villareal, lleva una campa\u00f1a perfecta, con tres victorias en igual n\u00famero de partidos y los tres equipos acumulan 9 puntos.<\/strong><\/p>\n<p>Adelant\u00f3 al equipo azulgrana Messi en el minuto 11 y complet\u00f3 el triplete con dos tantos en el 29 y 41. Antes de que acabara la primera parte el portugu\u00e9s Helder Postiga acerc\u00f3 a su equipo (45 y 45+3), pero fue insuficiente.<\/p>\n<p>Lastrado por problemas f\u00edsicos en este inicio de curso, el cuatro veces Bal\u00f3n de Oro se aprovech\u00f3 de las dudas y los errores de la zaga local para definir con la solvencia que le caracteriza en sus dos primeros goles y el tercer tanto s\u00ed mostr\u00f3 el potencial del ataque azulgrana, despu\u00e9s de una jugada en el centro del campo que continu\u00f3 F\u00e1bregas en el flanco derecho y madur\u00f3 el brasile\u00f1o Neymar en el izquierdo.<\/p>\n<p>En partido disputado el domingo por la ma\u00f1ana, el Real Madrid, que ha confirmado el fichaje de Gareth Bale, venci\u00f3 3-1 al Athletic de Bilbao con un doblete de Isco y un tanto del portugu\u00e9s Cristiano Ronaldo y con estas tres victorias, Carlo Ancelotti puede presumir de haber comenzado mejor la Liga que el portugu\u00e9s Jos\u00e9 Mourinho, su antecesor en el banquillo blanco, que nunca logr\u00f3 tres triunfos seguidos al inicio.<\/p>\n<p>El Villarreal, por su parte, contin\u00faa su positivo regreso a Primera Divisi\u00f3n y venci\u00f3 el s\u00e1bado a Osasuna por 3-0.<\/p>\n","protected":false},"excerpt":{"rendered":"<p>La estrella argentina anot\u00f3 los tres goles con los que el club catal\u00e1n gan\u00f3 3 a 2 al Valencia y, junto al Real Madrid y al Villareal, lleva una campa\u00f1a perfecta, con tres victorias en igual n\u00famero de partidos y los tres equipos acumulan 9 puntos. Adelant\u00f3 al equipo azulgrana Messi en el minuto 11 y complet\u00f3 el triplete con dos tantos en el 29 y 41. Antes de que acabara la primera parte el portugu\u00e9s Helder Postiga acerc\u00f3 a su equipo (45 y 45+3), pero fue insuficiente. Lastrado por problemas f\u00edsicos en este inicio de curso, el cuatro veces Bal\u00f3n de Oro se aprovech\u00f3 de las dudas y los errores de la zaga local para definir con la solvencia que le caracteriza en sus dos primeros goles y el tercer tanto s\u00ed mostr\u00f3 el potencial del ataque azulgrana, despu\u00e9s de una jugada en el centro del campo que continu\u00f3 F\u00e1bregas en el flanco derecho y madur\u00f3 el brasile\u00f1o Neymar en el izquierdo. En partido disputado el domingo por la ma\u00f1ana, el Real Madrid, que ha confirmado el fichaje de Gareth Bale, venci\u00f3 3-1 al Athletic de Bilbao con un doblete de Isco y un tanto del portugu\u00e9s Cristiano Ronaldo y con estas tres victorias, Carlo Ancelotti puede presumir de haber comenzado mejor la Liga que el portugu\u00e9s Jos\u00e9 Mourinho, su antecesor en el banquillo blanco, que nunca logr\u00f3 tres triunfos seguidos al inicio. El Villarreal, por su parte, contin\u00faa su positivo regreso a Primera Divisi\u00f3n y venci\u00f3 el s\u00e1bado a Osasuna por 3-0.<\/p>\n","protected":false},"author":1,"featured_media":220678,"comment_status":"open","ping_status":"open","sticky":false,"template":"","format":"standard","meta":[],"categories":[39,37],"tags":[],"_links":{"self":[{"href":"https:\/\/www.ecuadortimes.net\/es\/wp-json\/wp\/v2\/posts\/220677"}],"collection":[{"href":"https:\/\/www.ecuadortimes.net\/es\/wp-json\/wp\/v2\/posts"}],"about":[{"href":"https:\/\/www.ecuadortimes.net\/es\/wp-json\/wp\/v2\/types\/post"}],"author":[{"embeddable":true,"href":"https:\/\/www.ecuadortimes.net\/es\/wp-json\/wp\/v2\/users\/1"}],"replies":[{"embeddable":true,"href":"https:\/\/www.ecuadortimes.net\/es\/wp-json\/wp\/v2\/comments?post=220677"}],"version-history":[{"count":0,"href":"https:\/\/www.ecuadortimes.net\/es\/wp-json\/wp\/v2\/posts\/220677\/revisions"}],"wp:featuredmedia":[{"embeddable":true,"href":"https:\/\/www.ecuadortimes.net\/es\/wp-json\/wp\/v2\/media\/220678"}],"wp:attachment":[{"href":"https:\/\/www.ecuadortimes.net\/es\/wp-json\/wp\/v2\/media?parent=220677"}],"wp:term":[{"taxonomy":"category","embeddable":true,"href":"https:\/\/www.ecuadortimes.net\/es\/wp-json\/wp\/v2\/categories?post=220677"},{"taxonomy":"post_tag","embeddable":true,"href":"https:\/\/www.ecuadortimes.net\/es\/wp-json\/wp\/v2\/tags?post=220677"}],"curies":[{"name":"wp","href":"https:\/\/api.w.org\/{rel}","templated":true}]}}