{"id":220679,"date":"2013-09-02T00:00:00","date_gmt":"2013-09-02T00:00:00","guid":{"rendered":"https:\/\/www.ecuadortimes.net\/es\/vuelo-de-tam-aterriza-en-brasil-de-emergencia\/"},"modified":"2013-09-02T00:00:00","modified_gmt":"2013-09-02T00:00:00","slug":"vuelo-de-tam-aterriza-en-brasil-de-emergencia","status":"publish","type":"post","link":"https:\/\/www.ecuadortimes.net\/es\/vuelo-de-tam-aterriza-en-brasil-de-emergencia\/","title":{"rendered":"Vuelo de TAM aterriza en Brasil de emergencia"},"content":{"rendered":"<p><img loading=\"lazy\" class=\" wp-image-126287 alignleft\" title=\"Screen Shot 2013-09-02 at 16.15.16\" src=\"http:\/\/media.ecuadortimes.net\/2013\/09\/Screen-Shot-2013-09-02-at-16.15.161.png\" alt=\"\" width=\"294\" height=\"201\" \/>El vuelo 8065 de la aerol\u00ednea TAM, procedente de la ciudad de Madrid, aterriz\u00f3 de emergencia en la ciudad de Fortaleza tras una fuerte turbulencia que dej\u00f3 con estragos f\u00edsicos a cerca de quince pasajeros.<\/p>\n<p>La empresa inform\u00f3 hoy que el avi\u00f3n, que hab\u00eda salido de la capital espa\u00f1ola con destino a Sao Paulo, la noche de este domingo, al atravesar la l\u00ednea del ecuador sufri\u00f3 una fuerte turbulencia, que oblig\u00f3 a la tripulaci\u00f3n a decidir aterrizar en Fortaleza<\/p>\n<p>Alrededor de quince de los usuarios sufrieron fuertes golpes, llagando a causar fracturas a algunos. Los heridos fueron ingresados en el hospital Jos\u00e9 Frota, de la ciudad de Fortaleza. Entre las personas hospitalizadas hay brasile\u00f1os, espa\u00f1oles, colombianos y polacos, pero ninguna de ellas corre peligro. Tres personas forman parte de la tripulaci\u00f3n de la aerol\u00ednea.<\/p>\n","protected":false},"excerpt":{"rendered":"<p>El vuelo 8065 de la aerol\u00ednea TAM, procedente de la ciudad de Madrid, aterriz\u00f3 de emergencia en la ciudad de Fortaleza tras una fuerte turbulencia que dej\u00f3 con estragos f\u00edsicos a cerca de quince pasajeros. La empresa inform\u00f3 hoy que el avi\u00f3n, que hab\u00eda salido de la capital espa\u00f1ola con destino a Sao Paulo, la noche de este domingo, al atravesar la l\u00ednea del ecuador sufri\u00f3 una fuerte turbulencia, que oblig\u00f3 a la tripulaci\u00f3n a decidir aterrizar en Fortaleza Alrededor de quince de los usuarios sufrieron fuertes golpes, llagando a causar fracturas a algunos. Los heridos fueron ingresados en el hospital Jos\u00e9 Frota, de la ciudad de Fortaleza. Entre las personas hospitalizadas hay brasile\u00f1os, espa\u00f1oles, colombianos y polacos, pero ninguna de ellas corre peligro. Tres personas forman parte de la tripulaci\u00f3n de la aerol\u00ednea.<\/p>\n","protected":false},"author":1,"featured_media":0,"comment_status":"open","ping_status":"open","sticky":false,"template":"","format":"standard","meta":[],"categories":[36,37],"tags":[],"_links":{"self":[{"href":"https:\/\/www.ecuadortimes.net\/es\/wp-json\/wp\/v2\/posts\/220679"}],"collection":[{"href":"https:\/\/www.ecuadortimes.net\/es\/wp-json\/wp\/v2\/posts"}],"about":[{"href":"https:\/\/www.ecuadortimes.net\/es\/wp-json\/wp\/v2\/types\/post"}],"author":[{"embeddable":true,"href":"https:\/\/www.ecuadortimes.net\/es\/wp-json\/wp\/v2\/users\/1"}],"replies":[{"embeddable":true,"href":"https:\/\/www.ecuadortimes.net\/es\/wp-json\/wp\/v2\/comments?post=220679"}],"version-history":[{"count":0,"href":"https:\/\/www.ecuadortimes.net\/es\/wp-json\/wp\/v2\/posts\/220679\/revisions"}],"wp:attachment":[{"href":"https:\/\/www.ecuadortimes.net\/es\/wp-json\/wp\/v2\/media?parent=220679"}],"wp:term":[{"taxonomy":"category","embeddable":true,"href":"https:\/\/www.ecuadortimes.net\/es\/wp-json\/wp\/v2\/categories?post=220679"},{"taxonomy":"post_tag","embeddable":true,"href":"https:\/\/www.ecuadortimes.net\/es\/wp-json\/wp\/v2\/tags?post=220679"}],"curies":[{"name":"wp","href":"https:\/\/api.w.org\/{rel}","templated":true}]}}