{"id":220681,"date":"2013-09-03T00:00:00","date_gmt":"2013-09-03T00:00:00","guid":{"rendered":"https:\/\/www.ecuadortimes.net\/es\/galo-lara-sentenciado-a-diez-anos\/"},"modified":"2013-09-03T00:00:00","modified_gmt":"2013-09-03T00:00:00","slug":"galo-lara-sentenciado-a-diez-anos","status":"publish","type":"post","link":"https:\/\/www.ecuadortimes.net\/es\/galo-lara-sentenciado-a-diez-anos\/","title":{"rendered":"Galo Lara sentenciado a diez a\u00f1os"},"content":{"rendered":"<div id=\"attachment_126313\" style=\"width: 310px\" class=\"wp-caption alignleft\"><img aria-describedby=\"caption-attachment-126313\" loading=\"lazy\" class=\"size-medium wp-image-126313\" title=\"Galo Lara\" src=\"http:\/\/media.ecuadortimes.net\/2013\/09\/Galo-Lara3-300x225.jpg\" alt=\"Galo Lara\" width=\"300\" height=\"225\" \/><p id=\"caption-attachment-126313\" class=\"wp-caption-text\">Galo Lara<\/p><\/div>\n<p><strong>El lunes pasado la Sala Penal de la Corte Nacional de Justicia (CNJ) conden\u00f3 con 10 a\u00f1os de prisi\u00f3n al exasamble\u00edsta Galo Lara, bajo el delito de ser c\u00f3mplice del triple asesinato de la familia Llanos Parco. El hecho macabro ocurri\u00f3 el 4 de agosto del 2011 en Quinsaloma, Los R\u00edos.<\/strong><\/p>\n<p>Durante el juicio de ayer, la Fiscal\u00eda pidi\u00f3 a los magistrados que se relacione a Lara. A pesar de que en la primera instancia fue declarado inocente, en diciembre 2012.<\/p>\n<p><strong>Galo Chiriboga, el fiscal general de la naci\u00f3n, indic\u00f3 ayer que se respetar\u00e1 la decisi\u00f3n de la corte de sentenciarlo como c\u00f3mplice, dado que originalmente la Fiscal\u00eda solicit\u00f3 que el exasamble\u00edsta sea condenado como el autor del triple asesinato del 2011.<\/strong><\/p>\n<p>Los familiares y conocidos de las v\u00edctimas se mostraron satisfechos con la sentencia contra el exlegislador. <strong>Gracias a Dios y a la justicia. Es un crimen tan horroroso porque mand\u00f3 a matar a un ni\u00f1o de cuatro a\u00f1os, a mi nuera y a mi hijo con varios machetazos y los encontraron en el r\u00edo<\/strong>\u009d, indic\u00f3 la madre de una de las v\u00edctimas.<\/p>\n<p>El tribunal penal tom\u00f3 la decisi\u00f3n en el marco de la audiencia de nulidad y apelaci\u00f3n de la sentencia, realizada entre el martes pasado y ayer. Los jueces rechazaron el recurso de nulidad el martes pasado, considerando que no hab\u00eda violaci\u00f3n del debido proceso. Ayer se rechaz\u00f3 el recurso de apelaci\u00f3n, ya que la sentencia no es sujeta de apelaci\u00f3n.<\/p>\n<p>&nbsp;<\/p>\n","protected":false},"excerpt":{"rendered":"<p>El lunes pasado la Sala Penal de la Corte Nacional de Justicia (CNJ) conden\u00f3 con 10 a\u00f1os de prisi\u00f3n al exasamble\u00edsta Galo Lara, bajo el delito de ser c\u00f3mplice del triple asesinato de la familia Llanos Parco. El hecho macabro ocurri\u00f3 el 4 de agosto del 2011 en Quinsaloma, Los R\u00edos. Durante el juicio de ayer, la Fiscal\u00eda pidi\u00f3 a los magistrados que se relacione a Lara. A pesar de que en la primera instancia fue declarado inocente, en diciembre 2012. Galo Chiriboga, el fiscal general de la naci\u00f3n, indic\u00f3 ayer que se respetar\u00e1 la decisi\u00f3n de la corte de sentenciarlo como c\u00f3mplice, dado que originalmente la Fiscal\u00eda solicit\u00f3 que el exasamble\u00edsta sea condenado como el autor del triple asesinato del 2011. Los familiares y conocidos de las v\u00edctimas se mostraron satisfechos con la sentencia contra el exlegislador. Gracias a Dios y a la justicia. Es un crimen tan horroroso porque mand\u00f3 a matar a un ni\u00f1o de cuatro a\u00f1os, a mi nuera y a mi hijo con varios machetazos y los encontraron en el r\u00edo\u009d, indic\u00f3 la madre de una de las v\u00edctimas. El tribunal penal tom\u00f3 la decisi\u00f3n en el marco de la audiencia de nulidad y apelaci\u00f3n de la sentencia, realizada entre el martes pasado y ayer. Los jueces rechazaron el recurso de nulidad el martes pasado, considerando que no hab\u00eda violaci\u00f3n del debido proceso. Ayer se rechaz\u00f3 el recurso de apelaci\u00f3n, ya que la sentencia no es sujeta de apelaci\u00f3n. &nbsp;<\/p>\n","protected":false},"author":1,"featured_media":220682,"comment_status":"open","ping_status":"open","sticky":false,"template":"","format":"standard","meta":[],"categories":[40,37],"tags":[],"_links":{"self":[{"href":"https:\/\/www.ecuadortimes.net\/es\/wp-json\/wp\/v2\/posts\/220681"}],"collection":[{"href":"https:\/\/www.ecuadortimes.net\/es\/wp-json\/wp\/v2\/posts"}],"about":[{"href":"https:\/\/www.ecuadortimes.net\/es\/wp-json\/wp\/v2\/types\/post"}],"author":[{"embeddable":true,"href":"https:\/\/www.ecuadortimes.net\/es\/wp-json\/wp\/v2\/users\/1"}],"replies":[{"embeddable":true,"href":"https:\/\/www.ecuadortimes.net\/es\/wp-json\/wp\/v2\/comments?post=220681"}],"version-history":[{"count":0,"href":"https:\/\/www.ecuadortimes.net\/es\/wp-json\/wp\/v2\/posts\/220681\/revisions"}],"wp:featuredmedia":[{"embeddable":true,"href":"https:\/\/www.ecuadortimes.net\/es\/wp-json\/wp\/v2\/media\/220682"}],"wp:attachment":[{"href":"https:\/\/www.ecuadortimes.net\/es\/wp-json\/wp\/v2\/media?parent=220681"}],"wp:term":[{"taxonomy":"category","embeddable":true,"href":"https:\/\/www.ecuadortimes.net\/es\/wp-json\/wp\/v2\/categories?post=220681"},{"taxonomy":"post_tag","embeddable":true,"href":"https:\/\/www.ecuadortimes.net\/es\/wp-json\/wp\/v2\/tags?post=220681"}],"curies":[{"name":"wp","href":"https:\/\/api.w.org\/{rel}","templated":true}]}}