{"id":220683,"date":"2013-09-03T00:00:00","date_gmt":"2013-09-03T00:00:00","guid":{"rendered":"https:\/\/www.ecuadortimes.net\/es\/asambleistas-de-pais-ponen-condiciones-para-aprobar-explotacion-en-el-yasuni\/"},"modified":"2013-09-03T00:00:00","modified_gmt":"2013-09-03T00:00:00","slug":"asambleistas-de-pais-ponen-condiciones-para-aprobar-explotacion-en-el-yasuni","status":"publish","type":"post","link":"https:\/\/www.ecuadortimes.net\/es\/asambleistas-de-pais-ponen-condiciones-para-aprobar-explotacion-en-el-yasuni\/","title":{"rendered":"Asamble\u00edstas de PAIS ponen condiciones para aprobar explotaci\u00f3n en el Yasun\u00ed"},"content":{"rendered":"<p><strong><a href=\"http:\/\/www.ecuadortimes.net\/es\/2013\/09\/03\/asambleistas-de-pais-ponen-condiciones-para-aprobar-explotacion-en-el-yasuni\/asambleistas-7\/\" rel=\"attachment wp-att-126327\"><img loading=\"lazy\" class=\"alignleft size-full wp-image-126327\" title=\"asambleistas\" src=\"http:\/\/media.ecuadortimes.net\/2013\/09\/asambleistas.jpg\" alt=\"\" width=\"340\" height=\"256\" \/><\/a>Con mayor\u00eda, los asamble\u00edstas del partido gobiernista se inclinan por aprobar el pedido que hizo el Presidente del Ecuador, Rafael Correa, acerca de declarar como de inter\u00e9s nacional\u009d los recursos no renovables de los bloques 31 y 43 del Parque Nacional Yasun\u00ed<\/strong>, Su \u00fanica condici\u00f3n es que se mantenga intacta la zona en la que habitan los pueblos no contactados o en aislamiento voluntario: taromenane y tagaeri.<\/p>\n<p>Luego de que el pasado viernes tuvieron una reuni\u00f3n en Quito con el vicepresidente Jorge Glas y varios ministros de Estado, los asamble\u00edstas de Gobierno pidieron los mapas actualizados que muestran de mejor forma la delimitaci\u00f3n de la llamada Zona Intangible Tagaeri-Taromenane dentro del Parque.<\/p>\n<p><strong>Los parlamentarios quieren dejar establecido en el documento que aprueben algunas condicionantes como la zona intangible, la forma de explotaci\u00f3n, y el tipo de empresa que vaya a realizar la explotaci\u00f3n,<\/strong> pues seg\u00fan Virgilio Hern\u00e1ndez (AP) la explotaci\u00f3n no puede pasar a manos privadas o transnacionales, necesariamente tiene que ser una empresa estatal.<\/p>\n<p><strong>Por otra parte, durante el \u00faltimo enlace ciudadano el primer mandatario se\u00f1al\u00f3 que aquellos que participen en las protestas (refiri\u00e9ndose a alumnos de la Sierra) contra la explotaci\u00f3n del Yasun\u00ed perder\u00e1n su cupo en los centros educativos.<\/strong><\/p>\n<p>&#8220;Si alg\u00fan estudiante sale fuera del establecimiento, fuera de las horas de clase, inmediatamente instauraremos un proceso donde investigaremos la situaci\u00f3n y al joven se le retirar\u00e1 el cupo del establecimiento donde est\u00e1 asignado&#8221;, sentenci\u00f3 El ministro de Educaci\u00f3n, Augusto Espinosa, quien apoya la decisi\u00f3n del Presidente Correa.<\/p>\n","protected":false},"excerpt":{"rendered":"<p>Con mayor\u00eda, los asamble\u00edstas del partido gobiernista se inclinan por aprobar el pedido que hizo el Presidente del Ecuador, Rafael Correa, acerca de declarar como de inter\u00e9s nacional\u009d los recursos no renovables de los bloques 31 y 43 del Parque Nacional Yasun\u00ed, Su \u00fanica condici\u00f3n es que se mantenga intacta la zona en la que habitan los pueblos no contactados o en aislamiento voluntario: taromenane y tagaeri. Luego de que el pasado viernes tuvieron una reuni\u00f3n en Quito con el vicepresidente Jorge Glas y varios ministros de Estado, los asamble\u00edstas de Gobierno pidieron los mapas actualizados que muestran de mejor forma la delimitaci\u00f3n de la llamada Zona Intangible Tagaeri-Taromenane dentro del Parque. Los parlamentarios quieren dejar establecido en el documento que aprueben algunas condicionantes como la zona intangible, la forma de explotaci\u00f3n, y el tipo de empresa que vaya a realizar la explotaci\u00f3n, pues seg\u00fan Virgilio Hern\u00e1ndez (AP) la explotaci\u00f3n no puede pasar a manos privadas o transnacionales, necesariamente tiene que ser una empresa estatal. Por otra parte, durante el \u00faltimo enlace ciudadano el primer mandatario se\u00f1al\u00f3 que aquellos que participen en las protestas (refiri\u00e9ndose a alumnos de la Sierra) contra la explotaci\u00f3n del Yasun\u00ed perder\u00e1n su cupo en los centros educativos. &#8220;Si alg\u00fan estudiante sale fuera del establecimiento, fuera de las horas de clase, inmediatamente instauraremos un proceso donde investigaremos la situaci\u00f3n y al joven se le retirar\u00e1 el cupo del establecimiento donde est\u00e1 asignado&#8221;, sentenci\u00f3 El ministro de Educaci\u00f3n, Augusto Espinosa, quien apoya la decisi\u00f3n del Presidente Correa.<\/p>\n","protected":false},"author":1,"featured_media":220684,"comment_status":"open","ping_status":"open","sticky":false,"template":"","format":"standard","meta":[],"categories":[32,41,37],"tags":[],"_links":{"self":[{"href":"https:\/\/www.ecuadortimes.net\/es\/wp-json\/wp\/v2\/posts\/220683"}],"collection":[{"href":"https:\/\/www.ecuadortimes.net\/es\/wp-json\/wp\/v2\/posts"}],"about":[{"href":"https:\/\/www.ecuadortimes.net\/es\/wp-json\/wp\/v2\/types\/post"}],"author":[{"embeddable":true,"href":"https:\/\/www.ecuadortimes.net\/es\/wp-json\/wp\/v2\/users\/1"}],"replies":[{"embeddable":true,"href":"https:\/\/www.ecuadortimes.net\/es\/wp-json\/wp\/v2\/comments?post=220683"}],"version-history":[{"count":0,"href":"https:\/\/www.ecuadortimes.net\/es\/wp-json\/wp\/v2\/posts\/220683\/revisions"}],"wp:featuredmedia":[{"embeddable":true,"href":"https:\/\/www.ecuadortimes.net\/es\/wp-json\/wp\/v2\/media\/220684"}],"wp:attachment":[{"href":"https:\/\/www.ecuadortimes.net\/es\/wp-json\/wp\/v2\/media?parent=220683"}],"wp:term":[{"taxonomy":"category","embeddable":true,"href":"https:\/\/www.ecuadortimes.net\/es\/wp-json\/wp\/v2\/categories?post=220683"},{"taxonomy":"post_tag","embeddable":true,"href":"https:\/\/www.ecuadortimes.net\/es\/wp-json\/wp\/v2\/tags?post=220683"}],"curies":[{"name":"wp","href":"https:\/\/api.w.org\/{rel}","templated":true}]}}