{"id":220705,"date":"2013-09-04T00:00:00","date_gmt":"2013-09-04T00:00:00","guid":{"rendered":"https:\/\/www.ecuadortimes.net\/es\/ley-de-comunicacion-enfrenta-otra-demanda\/"},"modified":"2013-09-04T00:00:00","modified_gmt":"2013-09-04T00:00:00","slug":"ley-de-comunicacion-enfrenta-otra-demanda","status":"publish","type":"post","link":"https:\/\/www.ecuadortimes.net\/es\/ley-de-comunicacion-enfrenta-otra-demanda\/","title":{"rendered":"Ley de Comunicaci\u00f3n enfrenta otra demanda"},"content":{"rendered":"<div id=\"attachment_126501\" style=\"width: 310px\" class=\"wp-caption alignright\"><img aria-describedby=\"caption-attachment-126501\" loading=\"lazy\" class=\"size-medium wp-image-126501\" title=\"Funcionarios preparan nueva demanda contra la Ley de Comunicaci\u00f3n\" src=\"http:\/\/media.ecuadortimes.net\/2013\/09\/Officials-prepare-new-demand-against-the-Communications-Law3-300x225.jpg\" alt=\"Funcionarios preparan nueva demanda contra la Ley de Comunicaci\u00f3n\" width=\"300\" height=\"225\" \/><p id=\"caption-attachment-126501\" class=\"wp-caption-text\">Funcionarios preparan nueva demanda contra la Ley de Comunicaci\u00f3n<\/p><\/div>\n<p><strong>Ayer la Corte Constitucional recibi\u00f3 una segunda demanda de inconstitucionalidad en contra de varios art\u00edculos de la Ley de Comunicaci\u00f3n que especifica sanciones econ\u00f3micas y administrativas para periodistas y medios de comunicaci\u00f3n.<\/strong><\/p>\n<p>Alrededor de 60 periodistas, escritores y exasamble\u00edstas, brindaron su apoyo y firmas para este documento, el que argumenta que <strong>las restricciones de la Ley de Comunicaci\u00f3n definidas de manera vaga y combinadas con sanciones altamente punitivas, crean condiciones ideales para la autocensura de los medios<\/strong>\u009d.<\/p>\n<p>El documento fue entregado a la Corte por Enrique Herrer\u00eda, el abogado que patrocina la demanda. La entidad no ha fijado una fecha para pronunciarse.<\/p>\n<p>Lo que muchos esperan es que la Corte aplique una medida cautelar y suspenda la Ley de Comunicaci\u00f3n, la cual est\u00e1 vigente desde el 25 de junio pasado, hasta que se resuelva el contenido de la demanda y declare la inconstitucionalidad de la Ley.<\/p>\n","protected":false},"excerpt":{"rendered":"<p>Ayer la Corte Constitucional recibi\u00f3 una segunda demanda de inconstitucionalidad en contra de varios art\u00edculos de la Ley de Comunicaci\u00f3n que especifica sanciones econ\u00f3micas y administrativas para periodistas y medios de comunicaci\u00f3n. Alrededor de 60 periodistas, escritores y exasamble\u00edstas, brindaron su apoyo y firmas para este documento, el que argumenta que las restricciones de la Ley de Comunicaci\u00f3n definidas de manera vaga y combinadas con sanciones altamente punitivas, crean condiciones ideales para la autocensura de los medios\u009d. El documento fue entregado a la Corte por Enrique Herrer\u00eda, el abogado que patrocina la demanda. La entidad no ha fijado una fecha para pronunciarse. Lo que muchos esperan es que la Corte aplique una medida cautelar y suspenda la Ley de Comunicaci\u00f3n, la cual est\u00e1 vigente desde el 25 de junio pasado, hasta que se resuelva el contenido de la demanda y declare la inconstitucionalidad de la Ley.<\/p>\n","protected":false},"author":1,"featured_media":220706,"comment_status":"open","ping_status":"open","sticky":false,"template":"","format":"standard","meta":[],"categories":[40,37],"tags":[],"_links":{"self":[{"href":"https:\/\/www.ecuadortimes.net\/es\/wp-json\/wp\/v2\/posts\/220705"}],"collection":[{"href":"https:\/\/www.ecuadortimes.net\/es\/wp-json\/wp\/v2\/posts"}],"about":[{"href":"https:\/\/www.ecuadortimes.net\/es\/wp-json\/wp\/v2\/types\/post"}],"author":[{"embeddable":true,"href":"https:\/\/www.ecuadortimes.net\/es\/wp-json\/wp\/v2\/users\/1"}],"replies":[{"embeddable":true,"href":"https:\/\/www.ecuadortimes.net\/es\/wp-json\/wp\/v2\/comments?post=220705"}],"version-history":[{"count":0,"href":"https:\/\/www.ecuadortimes.net\/es\/wp-json\/wp\/v2\/posts\/220705\/revisions"}],"wp:featuredmedia":[{"embeddable":true,"href":"https:\/\/www.ecuadortimes.net\/es\/wp-json\/wp\/v2\/media\/220706"}],"wp:attachment":[{"href":"https:\/\/www.ecuadortimes.net\/es\/wp-json\/wp\/v2\/media?parent=220705"}],"wp:term":[{"taxonomy":"category","embeddable":true,"href":"https:\/\/www.ecuadortimes.net\/es\/wp-json\/wp\/v2\/categories?post=220705"},{"taxonomy":"post_tag","embeddable":true,"href":"https:\/\/www.ecuadortimes.net\/es\/wp-json\/wp\/v2\/tags?post=220705"}],"curies":[{"name":"wp","href":"https:\/\/api.w.org\/{rel}","templated":true}]}}