{"id":220729,"date":"2013-09-04T00:00:00","date_gmt":"2013-09-04T00:00:00","guid":{"rendered":"https:\/\/www.ecuadortimes.net\/es\/apagon-de-3-horas-en-venezuela-afecto-comercio-y-transporte\/"},"modified":"2013-09-04T00:00:00","modified_gmt":"2013-09-04T00:00:00","slug":"apagon-de-3-horas-en-venezuela-afecto-comercio-y-transporte","status":"publish","type":"post","link":"https:\/\/www.ecuadortimes.net\/es\/apagon-de-3-horas-en-venezuela-afecto-comercio-y-transporte\/","title":{"rendered":"Apag\u00f3n de 3 horas en Venezuela afect\u00f3 comercio y transporte"},"content":{"rendered":"<div><img loading=\"lazy\" class=\"size-medium wp-image-126624 alignright\" title=\"Screen Shot 2013-09-04 at 7.33.02\" src=\"http:\/\/media.ecuadortimes.net\/2013\/09\/Screen-Shot-2013-09-04-at-7.33.021-300x228.png\" alt=\"\" width=\"300\" height=\"228\" \/>La falta de energ\u00eda\u00a0en el centro occidente de Venezuela causo la paralizaci\u00f3n comercial y caos vehicular y suspensi\u00f3n de transporte publico en varias ciudades.<\/div>\n<div><\/div>\n<div>Jesse Chac\u00f3n, ministro de Energ\u00eda El\u00e9ctrica, inform\u00f3 que al medio d\u00eda se registr\u00f3 una \u0098falla\u0099 en la columna vertebral del sistema que es la l\u00ednea 765\u009d, la cual transporta la electricidad al 60% de la energ\u00eda del pa\u00eds, originando el apag\u00f3n.<\/div>\n<div><\/div>\n<div>En Caracas se report\u00f3 la paralizaci\u00f3n temporal del sistema de metro y congestionamiento vehicular en las principales avenidas.<\/div>\n<div><\/div>\n<div>El presidente Nicol\u00e1s Maduro responsabiliz\u00f3 a la extrema derecha\u009d. A trav\u00e9s de su cuenta Twitter dijo que ha retomado su plan de Golpe El\u00e9ctrico contra el pa\u00eds\u009d. Maduro aclar\u00f3 que el apag\u00f3n no afect\u00f3 la industria petrolera que oper\u00f3 con normalidad.<\/div>\n","protected":false},"excerpt":{"rendered":"<p>La falta de energ\u00eda\u00a0en el centro occidente de Venezuela causo la paralizaci\u00f3n comercial y caos vehicular y suspensi\u00f3n de transporte publico en varias ciudades. Jesse Chac\u00f3n, ministro de Energ\u00eda El\u00e9ctrica, inform\u00f3 que al medio d\u00eda se registr\u00f3 una \u0098falla\u0099 en la columna vertebral del sistema que es la l\u00ednea 765\u009d, la cual transporta la electricidad al 60% de la energ\u00eda del pa\u00eds, originando el apag\u00f3n. En Caracas se report\u00f3 la paralizaci\u00f3n temporal del sistema de metro y congestionamiento vehicular en las principales avenidas. El presidente Nicol\u00e1s Maduro responsabiliz\u00f3 a la extrema derecha\u009d. A trav\u00e9s de su cuenta Twitter dijo que ha retomado su plan de Golpe El\u00e9ctrico contra el pa\u00eds\u009d. Maduro aclar\u00f3 que el apag\u00f3n no afect\u00f3 la industria petrolera que oper\u00f3 con normalidad.<\/p>\n","protected":false},"author":1,"featured_media":0,"comment_status":"open","ping_status":"open","sticky":false,"template":"","format":"standard","meta":[],"categories":[36],"tags":[],"_links":{"self":[{"href":"https:\/\/www.ecuadortimes.net\/es\/wp-json\/wp\/v2\/posts\/220729"}],"collection":[{"href":"https:\/\/www.ecuadortimes.net\/es\/wp-json\/wp\/v2\/posts"}],"about":[{"href":"https:\/\/www.ecuadortimes.net\/es\/wp-json\/wp\/v2\/types\/post"}],"author":[{"embeddable":true,"href":"https:\/\/www.ecuadortimes.net\/es\/wp-json\/wp\/v2\/users\/1"}],"replies":[{"embeddable":true,"href":"https:\/\/www.ecuadortimes.net\/es\/wp-json\/wp\/v2\/comments?post=220729"}],"version-history":[{"count":0,"href":"https:\/\/www.ecuadortimes.net\/es\/wp-json\/wp\/v2\/posts\/220729\/revisions"}],"wp:attachment":[{"href":"https:\/\/www.ecuadortimes.net\/es\/wp-json\/wp\/v2\/media?parent=220729"}],"wp:term":[{"taxonomy":"category","embeddable":true,"href":"https:\/\/www.ecuadortimes.net\/es\/wp-json\/wp\/v2\/categories?post=220729"},{"taxonomy":"post_tag","embeddable":true,"href":"https:\/\/www.ecuadortimes.net\/es\/wp-json\/wp\/v2\/tags?post=220729"}],"curies":[{"name":"wp","href":"https:\/\/api.w.org\/{rel}","templated":true}]}}