{"id":220738,"date":"2013-09-05T00:00:00","date_gmt":"2013-09-05T00:00:00","guid":{"rendered":"https:\/\/www.ecuadortimes.net\/es\/secretario-de-la-presidencia-busca-sancionar-injurias-en-redes-sociales\/"},"modified":"2013-09-05T00:00:00","modified_gmt":"2013-09-05T00:00:00","slug":"secretario-de-la-presidencia-busca-sancionar-injurias-en-redes-sociales","status":"publish","type":"post","link":"https:\/\/www.ecuadortimes.net\/es\/secretario-de-la-presidencia-busca-sancionar-injurias-en-redes-sociales\/","title":{"rendered":"Secretario de la presidencia busca sancionar injurias en redes sociales"},"content":{"rendered":"<div id=\"attachment_126663\" style=\"width: 310px\" class=\"wp-caption alignleft\"><img aria-describedby=\"caption-attachment-126663\" loading=\"lazy\" class=\"size-medium wp-image-126663\" title=\"Alexis Mera\" src=\"http:\/\/media.ecuadortimes.net\/2013\/09\/Alexis-Mera-spreads-corruption3-300x225.jpg\" alt=\"Alexis Mera\" width=\"300\" height=\"225\" \/><p id=\"caption-attachment-126663\" class=\"wp-caption-text\">Alexis Mera<\/p><\/div>\n<p><strong>Alexis Mera, el secretario jur\u00eddico de la Presidencia, mantiene en que haber pedido a la Comisi\u00f3n de Justicia de la Asamblea que se establezca un procedimiento para sancionar injurias hechas en redes sociales como Twitter y Facebook no significa un control a las redes sociales.<\/strong><\/p>\n<p>Durante una entrevista en el canal incautado GamaTV, Mera dijo que no ha planteado controlar las opiniones hechas en las redes sociales.<\/p>\n<p><strong>Es una situaci\u00f3n que est\u00e1 regulada en el mundo, no es que nosotros vamos a crearlo, est\u00e1 en Inglaterra, en Estados Unidos&#8230; Si usted en Estados Unidos insulta a alguien o si acusa a otra persona de un delito en Twitter, tiene que responder ante las autoridades&#8230; Yo no hablo de controlar, sino que todo el mundo debe responder por lo que dice&#8230;\u009d,<\/strong> explic\u00f3.<\/p>\n<p>En el primer borrador del proyecto para segundo debate constan dos tipos: la injuria y la calumnia. Sobre el primero, Mauro Andino, el presidente de la Mesa, explic\u00f3 que se pretende dejarlo como un <strong>tipo penal abierto<\/strong>\u009d, eso significa que se aplicar\u00eda a las ofensas proferidas a trav\u00e9s de medios de comunicaci\u00f3n, redes sociales, reuniones p\u00fablicas y otros.<\/p>\n<p>Andino indic\u00f3 que el informe para el segundo debate estar\u00eda listo para finales de octubre y el C\u00f3digo aprobado para el final de a\u00f1o.<\/p>\n","protected":false},"excerpt":{"rendered":"<p>Alexis Mera, el secretario jur\u00eddico de la Presidencia, mantiene en que haber pedido a la Comisi\u00f3n de Justicia de la Asamblea que se establezca un procedimiento para sancionar injurias hechas en redes sociales como Twitter y Facebook no significa un control a las redes sociales. Durante una entrevista en el canal incautado GamaTV, Mera dijo que no ha planteado controlar las opiniones hechas en las redes sociales. Es una situaci\u00f3n que est\u00e1 regulada en el mundo, no es que nosotros vamos a crearlo, est\u00e1 en Inglaterra, en Estados Unidos&#8230; Si usted en Estados Unidos insulta a alguien o si acusa a otra persona de un delito en Twitter, tiene que responder ante las autoridades&#8230; Yo no hablo de controlar, sino que todo el mundo debe responder por lo que dice&#8230;\u009d, explic\u00f3. En el primer borrador del proyecto para segundo debate constan dos tipos: la injuria y la calumnia. Sobre el primero, Mauro Andino, el presidente de la Mesa, explic\u00f3 que se pretende dejarlo como un tipo penal abierto\u009d, eso significa que se aplicar\u00eda a las ofensas proferidas a trav\u00e9s de medios de comunicaci\u00f3n, redes sociales, reuniones p\u00fablicas y otros. Andino indic\u00f3 que el informe para el segundo debate estar\u00eda listo para finales de octubre y el C\u00f3digo aprobado para el final de a\u00f1o.<\/p>\n","protected":false},"author":1,"featured_media":220739,"comment_status":"open","ping_status":"open","sticky":false,"template":"","format":"standard","meta":[],"categories":[40,37],"tags":[],"_links":{"self":[{"href":"https:\/\/www.ecuadortimes.net\/es\/wp-json\/wp\/v2\/posts\/220738"}],"collection":[{"href":"https:\/\/www.ecuadortimes.net\/es\/wp-json\/wp\/v2\/posts"}],"about":[{"href":"https:\/\/www.ecuadortimes.net\/es\/wp-json\/wp\/v2\/types\/post"}],"author":[{"embeddable":true,"href":"https:\/\/www.ecuadortimes.net\/es\/wp-json\/wp\/v2\/users\/1"}],"replies":[{"embeddable":true,"href":"https:\/\/www.ecuadortimes.net\/es\/wp-json\/wp\/v2\/comments?post=220738"}],"version-history":[{"count":0,"href":"https:\/\/www.ecuadortimes.net\/es\/wp-json\/wp\/v2\/posts\/220738\/revisions"}],"wp:featuredmedia":[{"embeddable":true,"href":"https:\/\/www.ecuadortimes.net\/es\/wp-json\/wp\/v2\/media\/220739"}],"wp:attachment":[{"href":"https:\/\/www.ecuadortimes.net\/es\/wp-json\/wp\/v2\/media?parent=220738"}],"wp:term":[{"taxonomy":"category","embeddable":true,"href":"https:\/\/www.ecuadortimes.net\/es\/wp-json\/wp\/v2\/categories?post=220738"},{"taxonomy":"post_tag","embeddable":true,"href":"https:\/\/www.ecuadortimes.net\/es\/wp-json\/wp\/v2\/tags?post=220738"}],"curies":[{"name":"wp","href":"https:\/\/api.w.org\/{rel}","templated":true}]}}