{"id":220743,"date":"2013-09-05T00:00:00","date_gmt":"2013-09-05T00:00:00","guid":{"rendered":"https:\/\/www.ecuadortimes.net\/es\/el-arzobispo-de-minnesota-se-une-a-la-causa-de-los-migrantes\/"},"modified":"2013-09-05T00:00:00","modified_gmt":"2013-09-05T00:00:00","slug":"el-arzobispo-de-minnesota-se-une-a-la-causa-de-los-migrantes","status":"publish","type":"post","link":"https:\/\/www.ecuadortimes.net\/es\/el-arzobispo-de-minnesota-se-une-a-la-causa-de-los-migrantes\/","title":{"rendered":"El arzobispo de Minnesota se une a la causa de los migrantes"},"content":{"rendered":"<p><img loading=\"lazy\" class=\"size-medium wp-image-126693 alignright\" title=\"Screen Shot 2013-09-05 at 11.50.47\" src=\"http:\/\/media.ecuadortimes.net\/2013\/09\/Screen-Shot-2013-09-05-at-11.50.471-300x232.png\" alt=\"\" width=\"300\" height=\"232\" \/>El religioso John Nienstedt ha pedido una reforma a las leyes federales de inmigraci\u00f3n que contemplen un camino a la ciudadan\u00eda para los inmigrantes que viven sin autorizaci\u00f3n en el pa\u00eds, bajo el argumento de que cada inmigrante es una persona y cada una tiene &#8220;derechos fundamentales e inalienables que se deben respetar&#8221;.<\/p>\n<p>El arzobispo de Minnesota presidi\u00f3 ayer un panel sobre la reforma a las leyes de inmigraci\u00f3n en la Facultad de Derecho de la Universidad St. Thomas en Minneapolis, a la que asistieron casi 200 personas entre sacerdotes cat\u00f3licos, l\u00edderes empresariales y defensores de los inmigrantes, quienes exhortaron a los representantes federales a apoyar el pedido del presidente Barack Obama a aprobar nuevas leyes de inmigraci\u00f3n.<\/p>\n<p>Nienstedt se destac\u00f3 por liderar la campa\u00f1a de la IglesiEl cl\u00e9rigoa, el a\u00f1o pasado, para prohibir el matrimonio gay en Minnesota.<\/p>\n","protected":false},"excerpt":{"rendered":"<p>El religioso John Nienstedt ha pedido una reforma a las leyes federales de inmigraci\u00f3n que contemplen un camino a la ciudadan\u00eda para los inmigrantes que viven sin autorizaci\u00f3n en el pa\u00eds, bajo el argumento de que cada inmigrante es una persona y cada una tiene &#8220;derechos fundamentales e inalienables que se deben respetar&#8221;. El arzobispo de Minnesota presidi\u00f3 ayer un panel sobre la reforma a las leyes de inmigraci\u00f3n en la Facultad de Derecho de la Universidad St. Thomas en Minneapolis, a la que asistieron casi 200 personas entre sacerdotes cat\u00f3licos, l\u00edderes empresariales y defensores de los inmigrantes, quienes exhortaron a los representantes federales a apoyar el pedido del presidente Barack Obama a aprobar nuevas leyes de inmigraci\u00f3n. Nienstedt se destac\u00f3 por liderar la campa\u00f1a de la IglesiEl cl\u00e9rigoa, el a\u00f1o pasado, para prohibir el matrimonio gay en Minnesota.<\/p>\n","protected":false},"author":1,"featured_media":0,"comment_status":"open","ping_status":"open","sticky":false,"template":"","format":"standard","meta":[],"categories":[45,36,37],"tags":[],"_links":{"self":[{"href":"https:\/\/www.ecuadortimes.net\/es\/wp-json\/wp\/v2\/posts\/220743"}],"collection":[{"href":"https:\/\/www.ecuadortimes.net\/es\/wp-json\/wp\/v2\/posts"}],"about":[{"href":"https:\/\/www.ecuadortimes.net\/es\/wp-json\/wp\/v2\/types\/post"}],"author":[{"embeddable":true,"href":"https:\/\/www.ecuadortimes.net\/es\/wp-json\/wp\/v2\/users\/1"}],"replies":[{"embeddable":true,"href":"https:\/\/www.ecuadortimes.net\/es\/wp-json\/wp\/v2\/comments?post=220743"}],"version-history":[{"count":0,"href":"https:\/\/www.ecuadortimes.net\/es\/wp-json\/wp\/v2\/posts\/220743\/revisions"}],"wp:attachment":[{"href":"https:\/\/www.ecuadortimes.net\/es\/wp-json\/wp\/v2\/media?parent=220743"}],"wp:term":[{"taxonomy":"category","embeddable":true,"href":"https:\/\/www.ecuadortimes.net\/es\/wp-json\/wp\/v2\/categories?post=220743"},{"taxonomy":"post_tag","embeddable":true,"href":"https:\/\/www.ecuadortimes.net\/es\/wp-json\/wp\/v2\/tags?post=220743"}],"curies":[{"name":"wp","href":"https:\/\/api.w.org\/{rel}","templated":true}]}}