{"id":220764,"date":"2013-09-06T00:00:00","date_gmt":"2013-09-06T00:00:00","guid":{"rendered":"https:\/\/www.ecuadortimes.net\/es\/tricolores-pelearan-esta-tarde-por-puesto-en-mundial-2014\/"},"modified":"2013-09-06T00:00:00","modified_gmt":"2013-09-06T00:00:00","slug":"tricolores-pelearan-esta-tarde-por-puesto-en-mundial-2014","status":"publish","type":"post","link":"https:\/\/www.ecuadortimes.net\/es\/tricolores-pelearan-esta-tarde-por-puesto-en-mundial-2014\/","title":{"rendered":"Tricolores pelear\u00e1n esta tarde por puesto en Mundial 2014"},"content":{"rendered":"<div><img loading=\"lazy\" class=\"size-medium wp-image-126820 alignright\" title=\"Screen Shot 2013-09-06 at 11.21.08\" src=\"http:\/\/media.ecuadortimes.net\/2013\/09\/Screen-Shot-2013-09-06-at-11.21.081-300x217.png\" alt=\"\" width=\"300\" height=\"217\" \/>La selecci\u00f3n colombiana de f\u00fatbol recibir\u00e1 en Barranquilla al conjunto ecuatoriano en un duelo clave para ambos pa\u00edses donde se disputa una plaza para el Mundial 2014.<\/div>\n<div><\/div>\n<div>Colombia, de la mano de su entrenador, Jos\u00e9 Pekerman, buscar\u00e1 la victoria para as\u00ed volver a una Copa del Mundo que no juega desde Francia 1998. El cuadro cafetero lleva cinco victorias en consecutivas en casa, con una efectividad de 13 goles a favor y ninguno en contra.<\/div>\n<div><\/div>\n<div>Por otro lado, Ecuador, quien ha clasificado a los mundiales de Corea-Jap\u00f3n (2002) y Alemania (2006), necesitar\u00e1 de un empate\u00a0para sumar en su aspiraci\u00f3n de\u00a0asegurar su cupo a Brasil.<\/div>\n<div><\/div>\n<div>Este ser\u00e1 el primer partido de la selecci\u00f3n ecuatoriana sin la presencia del\u00a0fallecido Christian Chucho\u009d Benitez, es por eso que los jugadores y el cuerpo t\u00e9cnico han prometido rendirle tributo\u00a0al\u00a0exgoleador con un triunfo de\u00a0la TRI.<\/div>\n","protected":false},"excerpt":{"rendered":"<p>La selecci\u00f3n colombiana de f\u00fatbol recibir\u00e1 en Barranquilla al conjunto ecuatoriano en un duelo clave para ambos pa\u00edses donde se disputa una plaza para el Mundial 2014. Colombia, de la mano de su entrenador, Jos\u00e9 Pekerman, buscar\u00e1 la victoria para as\u00ed volver a una Copa del Mundo que no juega desde Francia 1998. El cuadro cafetero lleva cinco victorias en consecutivas en casa, con una efectividad de 13 goles a favor y ninguno en contra. Por otro lado, Ecuador, quien ha clasificado a los mundiales de Corea-Jap\u00f3n (2002) y Alemania (2006), necesitar\u00e1 de un empate\u00a0para sumar en su aspiraci\u00f3n de\u00a0asegurar su cupo a Brasil. Este ser\u00e1 el primer partido de la selecci\u00f3n ecuatoriana sin la presencia del\u00a0fallecido Christian Chucho\u009d Benitez, es por eso que los jugadores y el cuerpo t\u00e9cnico han prometido rendirle tributo\u00a0al\u00a0exgoleador con un triunfo de\u00a0la TRI.<\/p>\n","protected":false},"author":1,"featured_media":0,"comment_status":"open","ping_status":"open","sticky":false,"template":"","format":"standard","meta":[],"categories":[38,37],"tags":[],"_links":{"self":[{"href":"https:\/\/www.ecuadortimes.net\/es\/wp-json\/wp\/v2\/posts\/220764"}],"collection":[{"href":"https:\/\/www.ecuadortimes.net\/es\/wp-json\/wp\/v2\/posts"}],"about":[{"href":"https:\/\/www.ecuadortimes.net\/es\/wp-json\/wp\/v2\/types\/post"}],"author":[{"embeddable":true,"href":"https:\/\/www.ecuadortimes.net\/es\/wp-json\/wp\/v2\/users\/1"}],"replies":[{"embeddable":true,"href":"https:\/\/www.ecuadortimes.net\/es\/wp-json\/wp\/v2\/comments?post=220764"}],"version-history":[{"count":0,"href":"https:\/\/www.ecuadortimes.net\/es\/wp-json\/wp\/v2\/posts\/220764\/revisions"}],"wp:attachment":[{"href":"https:\/\/www.ecuadortimes.net\/es\/wp-json\/wp\/v2\/media?parent=220764"}],"wp:term":[{"taxonomy":"category","embeddable":true,"href":"https:\/\/www.ecuadortimes.net\/es\/wp-json\/wp\/v2\/categories?post=220764"},{"taxonomy":"post_tag","embeddable":true,"href":"https:\/\/www.ecuadortimes.net\/es\/wp-json\/wp\/v2\/tags?post=220764"}],"curies":[{"name":"wp","href":"https:\/\/api.w.org\/{rel}","templated":true}]}}