{"id":220969,"date":"2013-09-18T00:00:00","date_gmt":"2013-09-18T00:00:00","guid":{"rendered":"https:\/\/www.ecuadortimes.net\/es\/ministro-de-deporte-rechaza-criticas-de-pierina-correa\/"},"modified":"2013-09-18T00:00:00","modified_gmt":"2013-09-18T00:00:00","slug":"ministro-de-deporte-rechaza-criticas-de-pierina-correa","status":"publish","type":"post","link":"https:\/\/www.ecuadortimes.net\/es\/ministro-de-deporte-rechaza-criticas-de-pierina-correa\/","title":{"rendered":"Ministro de Deporte rechaza cr\u00edticas de Pierina Correa"},"content":{"rendered":"<div id=\"attachment_128159\" style=\"width: 310px\" class=\"wp-caption alignleft\"><img aria-describedby=\"caption-attachment-128159\" loading=\"lazy\" class=\"size-medium wp-image-128159\" title=\"Jos\u00e9 Francisco Cevallos\" src=\"http:\/\/media.ecuadortimes.net\/2013\/09\/Jose-Francisco-Cevallos4-300x225.jpg\" alt=\"Jos\u00e9 Francisco Cevallos\" width=\"300\" height=\"225\" \/><p id=\"caption-attachment-128159\" class=\"wp-caption-text\">Jos\u00e9 Francisco Cevallos<\/p><\/div>\n<p><strong>El ministro del Deporte, Jos\u00e9 Francisco Cevallos, no dio importancia a los comentarios de la presidenta de la Federaci\u00f3n Deportiva del Guayas (Fedeguayas), Pierina Correa y dijo que no se preocupa de las cr\u00edticas de ella y que hay gente que lo respalda.<\/strong><\/p>\n<p>En las elecciones primarias de Alianza Pa\u00eds en Milagro, el s\u00e1bado 7 de septiembre, Pierina dijo que Cevallos <strong>es el enemigo peor y m\u00e1s grande para la provincia de Guayas<\/strong>\u009d. Sin embargo, su hermano y l\u00edder del r\u00e9gimen, Rafael Correa, calific\u00f3 esos comentarios como rid\u00edculos.<\/p>\n<p>Cevallos invit\u00f3 a Pierina Correa a mostrar las pruebas que lo acusan de ser el peor enemigo de la provincia y recalc\u00f3 que Fedeguayas recibe al a\u00f1o 12 millones de d\u00f3lares, al mismo tiempo cuestion\u00f3 el manejo de esos recursos, pues considera que con ese presupuesto <strong>el deporte en Guayas deber\u00eda estar posicionado en otra manera. Pero este ha venido a menos por mala administraci\u00f3n<\/strong>\u009d.<\/p>\n<p>Cevallos indic\u00f3 que otras de las dignidades que interesar\u00edan a Pierina Correa, es la presidencia del Comit\u00e9 Ol\u00edmpico Ecuatoriano (COE). <strong>Eso ser\u00eda medio complicado, porque est\u00e1 demostrando que a Guayas no ha podido sacar adelante, peor el Comit\u00e9 Ol\u00edmpico<\/strong>\u009d.<\/p>\n<p>Cevallos asegur\u00f3 que sobre una posible candidatura a alcalde de Milagro no tiene ninguna aspiraci\u00f3n, pero eso lo decide el presidente de la Rep\u00fablica.<\/p>\n","protected":false},"excerpt":{"rendered":"<p>El ministro del Deporte, Jos\u00e9 Francisco Cevallos, no dio importancia a los comentarios de la presidenta de la Federaci\u00f3n Deportiva del Guayas (Fedeguayas), Pierina Correa y dijo que no se preocupa de las cr\u00edticas de ella y que hay gente que lo respalda. En las elecciones primarias de Alianza Pa\u00eds en Milagro, el s\u00e1bado 7 de septiembre, Pierina dijo que Cevallos es el enemigo peor y m\u00e1s grande para la provincia de Guayas\u009d. Sin embargo, su hermano y l\u00edder del r\u00e9gimen, Rafael Correa, calific\u00f3 esos comentarios como rid\u00edculos. Cevallos invit\u00f3 a Pierina Correa a mostrar las pruebas que lo acusan de ser el peor enemigo de la provincia y recalc\u00f3 que Fedeguayas recibe al a\u00f1o 12 millones de d\u00f3lares, al mismo tiempo cuestion\u00f3 el manejo de esos recursos, pues considera que con ese presupuesto el deporte en Guayas deber\u00eda estar posicionado en otra manera. Pero este ha venido a menos por mala administraci\u00f3n\u009d. Cevallos indic\u00f3 que otras de las dignidades que interesar\u00edan a Pierina Correa, es la presidencia del Comit\u00e9 Ol\u00edmpico Ecuatoriano (COE). Eso ser\u00eda medio complicado, porque est\u00e1 demostrando que a Guayas no ha podido sacar adelante, peor el Comit\u00e9 Ol\u00edmpico\u009d. Cevallos asegur\u00f3 que sobre una posible candidatura a alcalde de Milagro no tiene ninguna aspiraci\u00f3n, pero eso lo decide el presidente de la Rep\u00fablica.<\/p>\n","protected":false},"author":1,"featured_media":220970,"comment_status":"open","ping_status":"open","sticky":false,"template":"","format":"standard","meta":[],"categories":[40,37],"tags":[],"_links":{"self":[{"href":"https:\/\/www.ecuadortimes.net\/es\/wp-json\/wp\/v2\/posts\/220969"}],"collection":[{"href":"https:\/\/www.ecuadortimes.net\/es\/wp-json\/wp\/v2\/posts"}],"about":[{"href":"https:\/\/www.ecuadortimes.net\/es\/wp-json\/wp\/v2\/types\/post"}],"author":[{"embeddable":true,"href":"https:\/\/www.ecuadortimes.net\/es\/wp-json\/wp\/v2\/users\/1"}],"replies":[{"embeddable":true,"href":"https:\/\/www.ecuadortimes.net\/es\/wp-json\/wp\/v2\/comments?post=220969"}],"version-history":[{"count":0,"href":"https:\/\/www.ecuadortimes.net\/es\/wp-json\/wp\/v2\/posts\/220969\/revisions"}],"wp:featuredmedia":[{"embeddable":true,"href":"https:\/\/www.ecuadortimes.net\/es\/wp-json\/wp\/v2\/media\/220970"}],"wp:attachment":[{"href":"https:\/\/www.ecuadortimes.net\/es\/wp-json\/wp\/v2\/media?parent=220969"}],"wp:term":[{"taxonomy":"category","embeddable":true,"href":"https:\/\/www.ecuadortimes.net\/es\/wp-json\/wp\/v2\/categories?post=220969"},{"taxonomy":"post_tag","embeddable":true,"href":"https:\/\/www.ecuadortimes.net\/es\/wp-json\/wp\/v2\/tags?post=220969"}],"curies":[{"name":"wp","href":"https:\/\/api.w.org\/{rel}","templated":true}]}}