{"id":220994,"date":"2013-09-19T00:00:00","date_gmt":"2013-09-19T00:00:00","guid":{"rendered":"https:\/\/www.ecuadortimes.net\/es\/manuel-se-convierte-en-huracan-y-continuan-los-danos-en-mexico\/"},"modified":"2013-09-19T00:00:00","modified_gmt":"2013-09-19T00:00:00","slug":"manuel-se-convierte-en-huracan-y-continuan-los-danos-en-mexico","status":"publish","type":"post","link":"https:\/\/www.ecuadortimes.net\/es\/manuel-se-convierte-en-huracan-y-continuan-los-danos-en-mexico\/","title":{"rendered":"Manuel se convierte en hurac\u00e1n y contin\u00faan los da\u00f1os en M\u00e9xico"},"content":{"rendered":"<p>A diferencia de Ingrid, la cual en los \u00faltimos d\u00edas fue bajando su intensidad, ahora la tormenta Manuel se intensific\u00f3 ayer hasta convertirse en hurac\u00e1n de categor\u00eda 1, afectando directamente a la costa del oc\u00e9ano Pac\u00edfico de M\u00e9xico y amenazando con incrementar los da\u00f1os al pa\u00eds y aumentar la cifra de muertes, que hasta ayer alcanz\u00f3 las 80 v\u00edctimas en 12 de los 32 estados mexicanos, desde el s\u00e1bado hasta ayer mi\u00e9rcoles.<\/p>\n<p>El Centro Nacional de Huracanes estadounidense inform\u00f3 que Manuel avanza con vientos sostenidos de casi 115 km\/h y podr\u00eda fortalecerse antes de impactar en el noroeste de M\u00e9xico, hacia la pen\u00ednsula de Baja California, donde se ubica Los Cabos. Sin embargo, el Servicio Meteorol\u00f3gico de M\u00e9xico anunci\u00f3 que su trayectoria impactar\u00eda hoy al norte de Sinaloa.<\/p>\n<p>A pesar de que la tormenta Ingrid se ha disipado, los estragos que caus\u00f3 aun mantienen en p\u00e1nico a miles de damnificados, especialmente en la zona de Acapulco, donde ya se han reportado saqueos a almacenes de comida, ropa, medicinas y hasta electrodom\u00e9sticos. Otros miles de turistas formaban largas filas por un boleto de avi\u00f3n en las afueras de un centro comercial habilitado como albergue.<\/p>\n","protected":false},"excerpt":{"rendered":"<p>A diferencia de Ingrid, la cual en los \u00faltimos d\u00edas fue bajando su intensidad, ahora la tormenta Manuel se intensific\u00f3 ayer hasta convertirse en hurac\u00e1n de categor\u00eda 1, afectando directamente a la costa del oc\u00e9ano Pac\u00edfico de M\u00e9xico y amenazando con incrementar los da\u00f1os al pa\u00eds y aumentar la cifra de muertes, que hasta ayer alcanz\u00f3 las 80 v\u00edctimas en 12 de los 32 estados mexicanos, desde el s\u00e1bado hasta ayer mi\u00e9rcoles. El Centro Nacional de Huracanes estadounidense inform\u00f3 que Manuel avanza con vientos sostenidos de casi 115 km\/h y podr\u00eda fortalecerse antes de impactar en el noroeste de M\u00e9xico, hacia la pen\u00ednsula de Baja California, donde se ubica Los Cabos. Sin embargo, el Servicio Meteorol\u00f3gico de M\u00e9xico anunci\u00f3 que su trayectoria impactar\u00eda hoy al norte de Sinaloa. A pesar de que la tormenta Ingrid se ha disipado, los estragos que caus\u00f3 aun mantienen en p\u00e1nico a miles de damnificados, especialmente en la zona de Acapulco, donde ya se han reportado saqueos a almacenes de comida, ropa, medicinas y hasta electrodom\u00e9sticos. Otros miles de turistas formaban largas filas por un boleto de avi\u00f3n en las afueras de un centro comercial habilitado como albergue.<\/p>\n","protected":false},"author":1,"featured_media":0,"comment_status":"open","ping_status":"open","sticky":false,"template":"","format":"standard","meta":[],"categories":[50,36,37],"tags":[],"_links":{"self":[{"href":"https:\/\/www.ecuadortimes.net\/es\/wp-json\/wp\/v2\/posts\/220994"}],"collection":[{"href":"https:\/\/www.ecuadortimes.net\/es\/wp-json\/wp\/v2\/posts"}],"about":[{"href":"https:\/\/www.ecuadortimes.net\/es\/wp-json\/wp\/v2\/types\/post"}],"author":[{"embeddable":true,"href":"https:\/\/www.ecuadortimes.net\/es\/wp-json\/wp\/v2\/users\/1"}],"replies":[{"embeddable":true,"href":"https:\/\/www.ecuadortimes.net\/es\/wp-json\/wp\/v2\/comments?post=220994"}],"version-history":[{"count":0,"href":"https:\/\/www.ecuadortimes.net\/es\/wp-json\/wp\/v2\/posts\/220994\/revisions"}],"wp:attachment":[{"href":"https:\/\/www.ecuadortimes.net\/es\/wp-json\/wp\/v2\/media?parent=220994"}],"wp:term":[{"taxonomy":"category","embeddable":true,"href":"https:\/\/www.ecuadortimes.net\/es\/wp-json\/wp\/v2\/categories?post=220994"},{"taxonomy":"post_tag","embeddable":true,"href":"https:\/\/www.ecuadortimes.net\/es\/wp-json\/wp\/v2\/tags?post=220994"}],"curies":[{"name":"wp","href":"https:\/\/api.w.org\/{rel}","templated":true}]}}