{"id":221020,"date":"2013-09-24T00:00:00","date_gmt":"2013-09-24T00:00:00","guid":{"rendered":"https:\/\/www.ecuadortimes.net\/es\/galo-lara-tiene-antecedentes-policiales-en-estados-unidos\/"},"modified":"2013-09-24T00:00:00","modified_gmt":"2013-09-24T00:00:00","slug":"galo-lara-tiene-antecedentes-policiales-en-estados-unidos","status":"publish","type":"post","link":"https:\/\/www.ecuadortimes.net\/es\/galo-lara-tiene-antecedentes-policiales-en-estados-unidos\/","title":{"rendered":"Galo Lara tiene antecedentes policiales en Estados Unidos"},"content":{"rendered":"<div id=\"attachment_128559\" style=\"width: 310px\" class=\"wp-caption alignleft\"><img aria-describedby=\"caption-attachment-128559\" loading=\"lazy\" class=\"size-medium wp-image-128559\" alt=\"Galo Lara\" src=\"https:\/\/www.ecuadortimes.net\/es\/wp-content\/uploads\/2013\/09\/Galo-Lara26-300x225.jpg\" width=\"300\" height=\"225\" \/><p id=\"caption-attachment-128559\" class=\"wp-caption-text\">Galo Lara<\/p><\/div>\n<p><strong>De acuerdo con un informe del Bur\u00f3 Federal de Investigaciones (FBI), el Ministerio del Interior confirm\u00f3 que el exasamble\u00edsta de Sociedad Patri\u00f3tica (SP), Galo Lara, tiene antecedentes policiales en Estados Unidos.<\/strong><\/p>\n<p>En agosto pasado Lara fue sentenciado a diez a\u00f1os de prisi\u00f3n por su presunta complicidad en un triple crimen cometido en el cant\u00f3n Quinsaloma (Los R\u00edos). Sin embargo, este huy\u00f3 de Ecuador y se encuentra actualmente en Panam\u00e1 solicitando asilo pol\u00edtico tras considerarse un perseguido pol\u00edtico.<\/p>\n<p><strong>De acuerdo con el informe del FBI, supuestamente fue detenido el 22 de mayo de 1991 por polic\u00edas del condado de Hialeah, estado de Florida, donde fue acusado por el delito de robo a domicilio. <\/strong><\/p>\n<p>Posteriormente, seg\u00fan el Ministerio, Lara fue llevado ante las cortes de justicia de Miami. Ante esta revelaci\u00f3n, Pedro Granja, abogado defensor de Lara, indic\u00f3 por medio de su cuenta de Twitter que ya ha solicitado a Estados Unidos una certificaci\u00f3n de sus antecedentes policiales.<\/p>\n","protected":false},"excerpt":{"rendered":"<p>De acuerdo con un informe del Bur\u00f3 Federal de Investigaciones (FBI), el Ministerio del Interior confirm\u00f3 que el exasamble\u00edsta de Sociedad Patri\u00f3tica (SP), Galo Lara, tiene antecedentes policiales en Estados Unidos. En agosto pasado Lara fue sentenciado a diez a\u00f1os de prisi\u00f3n por su presunta complicidad en un triple crimen cometido en el cant\u00f3n Quinsaloma (Los R\u00edos). Sin embargo, este huy\u00f3 de Ecuador y se encuentra actualmente en Panam\u00e1 solicitando asilo pol\u00edtico tras considerarse un perseguido pol\u00edtico. De acuerdo con el informe del FBI, supuestamente fue detenido el 22 de mayo de 1991 por polic\u00edas del condado de Hialeah, estado de Florida, donde fue acusado por el delito de robo a domicilio. Posteriormente, seg\u00fan el Ministerio, Lara fue llevado ante las cortes de justicia de Miami. Ante esta revelaci\u00f3n, Pedro Granja, abogado defensor de Lara, indic\u00f3 por medio de su cuenta de Twitter que ya ha solicitado a Estados Unidos una certificaci\u00f3n de sus antecedentes policiales.<\/p>\n","protected":false},"author":1,"featured_media":221021,"comment_status":"open","ping_status":"open","sticky":false,"template":"","format":"standard","meta":[],"categories":[40,37],"tags":[],"_links":{"self":[{"href":"https:\/\/www.ecuadortimes.net\/es\/wp-json\/wp\/v2\/posts\/221020"}],"collection":[{"href":"https:\/\/www.ecuadortimes.net\/es\/wp-json\/wp\/v2\/posts"}],"about":[{"href":"https:\/\/www.ecuadortimes.net\/es\/wp-json\/wp\/v2\/types\/post"}],"author":[{"embeddable":true,"href":"https:\/\/www.ecuadortimes.net\/es\/wp-json\/wp\/v2\/users\/1"}],"replies":[{"embeddable":true,"href":"https:\/\/www.ecuadortimes.net\/es\/wp-json\/wp\/v2\/comments?post=221020"}],"version-history":[{"count":0,"href":"https:\/\/www.ecuadortimes.net\/es\/wp-json\/wp\/v2\/posts\/221020\/revisions"}],"wp:featuredmedia":[{"embeddable":true,"href":"https:\/\/www.ecuadortimes.net\/es\/wp-json\/wp\/v2\/media\/221021"}],"wp:attachment":[{"href":"https:\/\/www.ecuadortimes.net\/es\/wp-json\/wp\/v2\/media?parent=221020"}],"wp:term":[{"taxonomy":"category","embeddable":true,"href":"https:\/\/www.ecuadortimes.net\/es\/wp-json\/wp\/v2\/categories?post=221020"},{"taxonomy":"post_tag","embeddable":true,"href":"https:\/\/www.ecuadortimes.net\/es\/wp-json\/wp\/v2\/tags?post=221020"}],"curies":[{"name":"wp","href":"https:\/\/api.w.org\/{rel}","templated":true}]}}