{"id":221026,"date":"2013-09-24T00:00:00","date_gmt":"2013-09-24T00:00:00","guid":{"rendered":"https:\/\/www.ecuadortimes.net\/es\/el-iess-endurece-cobro-de-mora-patronal\/"},"modified":"2013-09-24T00:00:00","modified_gmt":"2013-09-24T00:00:00","slug":"el-iess-endurece-cobro-de-mora-patronal","status":"publish","type":"post","link":"https:\/\/www.ecuadortimes.net\/es\/el-iess-endurece-cobro-de-mora-patronal\/","title":{"rendered":"El IESS endurece cobro de mora patronal"},"content":{"rendered":"<p><a href=\"https:\/\/www.ecuadortimes.net\/es\/wp-content\/uploads\/2013\/09\/iess.jpg\"><img loading=\"lazy\" class=\"alignleft size-full wp-image-128641\" alt=\"iess\" src=\"https:\/\/www.ecuadortimes.net\/es\/wp-content\/uploads\/2013\/09\/iess.jpg\" width=\"340\" height=\"256\" \/><\/a>Iv\u00e1n Espinel, director provincial del Instituto Ecuatoriano de Seguridad Social (IESS), se\u00f1al\u00f3 que este a\u00f1o, durante los meses de enero y agosto la mora patronal en Guayas sum\u00f3 $ 112 724 197,12, una cifra 24,9% mayor a la registrada en el mismo lapso del a\u00f1o anterior.<\/p>\n<p>Espinel realiz\u00f3 esta explicaci\u00f3n durante una exposici\u00f3n sobre mora patronal, realizada ayer en el auditorio del Centro Cultural Sim\u00f3n Bol\u00edvar de Guayaquil, y a\u00f1adi\u00f3 que a\u00fan hay alrededor de 29 000 empresas que adeudan sus obligaciones a la instituci\u00f3n, aunque tambi\u00e9n han aumentado las recaudaciones.<\/p>\n<p>Asimismo, el funcionario manifest\u00f3 que el IESS ha emprendido una jornada de operativos para hacer prevalecer los derechos de los trabajadores\u009d, e indic\u00f3 que el pasado mes de agosto se han embargado 62 bienes, 17 m\u00e1s que los que se realizaron durante el mismo mes del 2012.<\/p>\n<p>El embargo no es sin\u00f3nimo de amedrentamiento, sino de cumplimiento&#8230; Nosotros tuvimos que adoptar una pol\u00edtica dura que est\u00e1 dando resultados\u009d, se\u00f1al\u00f3 Espinel, quien adem\u00e1s coment\u00f3 que a trav\u00e9s de los convenios de purga de mora se han podido recuperar $ 45,7 millones durante los primeros ocho meses del a\u00f1o en curso.<\/p>\n<p>El a\u00f1o anterior la cifra por convenios fue de $ 35 millones y en el 2011, de $ 19 millones.<\/p>\n","protected":false},"excerpt":{"rendered":"<p>Iv\u00e1n Espinel, director provincial del Instituto Ecuatoriano de Seguridad Social (IESS), se\u00f1al\u00f3 que este a\u00f1o, durante los meses de enero y agosto la mora patronal en Guayas sum\u00f3 $ 112 724 197,12, una cifra 24,9% mayor a la registrada en el mismo lapso del a\u00f1o anterior. Espinel realiz\u00f3 esta explicaci\u00f3n durante una exposici\u00f3n sobre mora patronal, realizada ayer en el auditorio del Centro Cultural Sim\u00f3n Bol\u00edvar de Guayaquil, y a\u00f1adi\u00f3 que a\u00fan hay alrededor de 29 000 empresas que adeudan sus obligaciones a la instituci\u00f3n, aunque tambi\u00e9n han aumentado las recaudaciones. Asimismo, el funcionario manifest\u00f3 que el IESS ha emprendido una jornada de operativos para hacer prevalecer los derechos de los trabajadores\u009d, e indic\u00f3 que el pasado mes de agosto se han embargado 62 bienes, 17 m\u00e1s que los que se realizaron durante el mismo mes del 2012. El embargo no es sin\u00f3nimo de amedrentamiento, sino de cumplimiento&#8230; Nosotros tuvimos que adoptar una pol\u00edtica dura que est\u00e1 dando resultados\u009d, se\u00f1al\u00f3 Espinel, quien adem\u00e1s coment\u00f3 que a trav\u00e9s de los convenios de purga de mora se han podido recuperar $ 45,7 millones durante los primeros ocho meses del a\u00f1o en curso. El a\u00f1o anterior la cifra por convenios fue de $ 35 millones y en el 2011, de $ 19 millones.<\/p>\n","protected":false},"author":1,"featured_media":221027,"comment_status":"open","ping_status":"open","sticky":false,"template":"","format":"standard","meta":[],"categories":[43,37],"tags":[],"_links":{"self":[{"href":"https:\/\/www.ecuadortimes.net\/es\/wp-json\/wp\/v2\/posts\/221026"}],"collection":[{"href":"https:\/\/www.ecuadortimes.net\/es\/wp-json\/wp\/v2\/posts"}],"about":[{"href":"https:\/\/www.ecuadortimes.net\/es\/wp-json\/wp\/v2\/types\/post"}],"author":[{"embeddable":true,"href":"https:\/\/www.ecuadortimes.net\/es\/wp-json\/wp\/v2\/users\/1"}],"replies":[{"embeddable":true,"href":"https:\/\/www.ecuadortimes.net\/es\/wp-json\/wp\/v2\/comments?post=221026"}],"version-history":[{"count":0,"href":"https:\/\/www.ecuadortimes.net\/es\/wp-json\/wp\/v2\/posts\/221026\/revisions"}],"wp:featuredmedia":[{"embeddable":true,"href":"https:\/\/www.ecuadortimes.net\/es\/wp-json\/wp\/v2\/media\/221027"}],"wp:attachment":[{"href":"https:\/\/www.ecuadortimes.net\/es\/wp-json\/wp\/v2\/media?parent=221026"}],"wp:term":[{"taxonomy":"category","embeddable":true,"href":"https:\/\/www.ecuadortimes.net\/es\/wp-json\/wp\/v2\/categories?post=221026"},{"taxonomy":"post_tag","embeddable":true,"href":"https:\/\/www.ecuadortimes.net\/es\/wp-json\/wp\/v2\/tags?post=221026"}],"curies":[{"name":"wp","href":"https:\/\/api.w.org\/{rel}","templated":true}]}}