{"id":221028,"date":"2013-09-24T00:00:00","date_gmt":"2013-09-24T00:00:00","guid":{"rendered":"https:\/\/www.ecuadortimes.net\/es\/correa-defiende-explotacion-del-yasuni-y-critica-la-zona-intangible\/"},"modified":"2013-09-24T00:00:00","modified_gmt":"2013-09-24T00:00:00","slug":"correa-defiende-explotacion-del-yasuni-y-critica-la-zona-intangible","status":"publish","type":"post","link":"https:\/\/www.ecuadortimes.net\/es\/correa-defiende-explotacion-del-yasuni-y-critica-la-zona-intangible\/","title":{"rendered":"Correa defiende explotaci\u00f3n del Yasuni y critica la zona intangible"},"content":{"rendered":"<div id=\"attachment_128629\" style=\"width: 310px\" class=\"wp-caption alignright\"><img aria-describedby=\"caption-attachment-128629\" loading=\"lazy\" class=\"size-medium wp-image-128629\" alt=\"Rafael Correa defiende la explotaci\u00f3n del Yasun\u00ed\" src=\"https:\/\/www.ecuadortimes.net\/es\/wp-content\/uploads\/2013\/09\/Correa-talks-Yasuni-drilling-300x225.jpg\" width=\"300\" height=\"225\" \/><p id=\"caption-attachment-128629\" class=\"wp-caption-text\">Rafael Correa defiende la explotaci\u00f3n del Yasun\u00ed<\/p><\/div>\n<p><strong>Para el Gobierno es prioridad pol\u00edtica velar por la protecci\u00f3n de los pueblos en aislamiento voluntario y esto se encuentra en la Constituci\u00f3n que fue creada en la revoluci\u00f3n ciudadana<\/strong>\u009d, as\u00ed lo explic\u00f3 el presidente Rafael Correa, en su m\u00e1s reciente enlace sabatino. El l\u00edder del r\u00e9gimen justific\u00f3 su decisi\u00f3n de explotar los bloques 31 y 43 del ITT y asegur\u00f3 que <strong>no hay avistamientos (de pueblos no contactados) en el bloque ITT<\/strong>\u009d.<\/p>\n<p>De acuerdo con el l\u00edder del pa\u00eds, Ecuador ha sido el mejor protector de esos pueblos que tienen una zona intangible de 758 051 hect\u00e1reas (en las parroquias de Cononaco y Nuevo Rocafuerte, cant\u00f3n Aguarico, provincia de Orellana y en la parroquia de Curaray, cant\u00f3n Pastaza, provincia de Pastaza).<\/p>\n<p>Sin embargo, Correa no neg\u00f3 su presencia, a pesar de que el pasado 16 de septiembre cuestion\u00f3 los l\u00edmites del \u00e1rea intangible.<\/p>\n<p>Durante una entrevista en Gamatv, canal incautado por el estado, el l\u00edder del r\u00e9gimen sugiri\u00f3 investigar los antecedentes, porque <strong>esa zona est\u00e1 terriblemente mal hecha. Un d\u00eda antes de asumir el Gobierno en el 2007 aparece en el registro oficial la modificaci\u00f3n de la zona intangible, 10 kil\u00f3metros de zona de amortiguamiento, una groser\u00eda para el nuevo Gobierno y vaya y vea si hay estudios t\u00e9cnicos, no hay nada<\/strong>\u009d.<\/p>\n<p>Para Correa, donde se encuentran los bloques 31 y 43, solo <strong>se supone que est\u00e1n los pueblos no contactados<\/strong>\u009d.<\/p>\n","protected":false},"excerpt":{"rendered":"<p>Para el Gobierno es prioridad pol\u00edtica velar por la protecci\u00f3n de los pueblos en aislamiento voluntario y esto se encuentra en la Constituci\u00f3n que fue creada en la revoluci\u00f3n ciudadana\u009d, as\u00ed lo explic\u00f3 el presidente Rafael Correa, en su m\u00e1s reciente enlace sabatino. El l\u00edder del r\u00e9gimen justific\u00f3 su decisi\u00f3n de explotar los bloques 31 y 43 del ITT y asegur\u00f3 que no hay avistamientos (de pueblos no contactados) en el bloque ITT\u009d. De acuerdo con el l\u00edder del pa\u00eds, Ecuador ha sido el mejor protector de esos pueblos que tienen una zona intangible de 758 051 hect\u00e1reas (en las parroquias de Cononaco y Nuevo Rocafuerte, cant\u00f3n Aguarico, provincia de Orellana y en la parroquia de Curaray, cant\u00f3n Pastaza, provincia de Pastaza). Sin embargo, Correa no neg\u00f3 su presencia, a pesar de que el pasado 16 de septiembre cuestion\u00f3 los l\u00edmites del \u00e1rea intangible. Durante una entrevista en Gamatv, canal incautado por el estado, el l\u00edder del r\u00e9gimen sugiri\u00f3 investigar los antecedentes, porque esa zona est\u00e1 terriblemente mal hecha. Un d\u00eda antes de asumir el Gobierno en el 2007 aparece en el registro oficial la modificaci\u00f3n de la zona intangible, 10 kil\u00f3metros de zona de amortiguamiento, una groser\u00eda para el nuevo Gobierno y vaya y vea si hay estudios t\u00e9cnicos, no hay nada\u009d. Para Correa, donde se encuentran los bloques 31 y 43, solo se supone que est\u00e1n los pueblos no contactados\u009d.<\/p>\n","protected":false},"author":1,"featured_media":221029,"comment_status":"open","ping_status":"open","sticky":false,"template":"","format":"standard","meta":[],"categories":[43,37],"tags":[],"_links":{"self":[{"href":"https:\/\/www.ecuadortimes.net\/es\/wp-json\/wp\/v2\/posts\/221028"}],"collection":[{"href":"https:\/\/www.ecuadortimes.net\/es\/wp-json\/wp\/v2\/posts"}],"about":[{"href":"https:\/\/www.ecuadortimes.net\/es\/wp-json\/wp\/v2\/types\/post"}],"author":[{"embeddable":true,"href":"https:\/\/www.ecuadortimes.net\/es\/wp-json\/wp\/v2\/users\/1"}],"replies":[{"embeddable":true,"href":"https:\/\/www.ecuadortimes.net\/es\/wp-json\/wp\/v2\/comments?post=221028"}],"version-history":[{"count":0,"href":"https:\/\/www.ecuadortimes.net\/es\/wp-json\/wp\/v2\/posts\/221028\/revisions"}],"wp:featuredmedia":[{"embeddable":true,"href":"https:\/\/www.ecuadortimes.net\/es\/wp-json\/wp\/v2\/media\/221029"}],"wp:attachment":[{"href":"https:\/\/www.ecuadortimes.net\/es\/wp-json\/wp\/v2\/media?parent=221028"}],"wp:term":[{"taxonomy":"category","embeddable":true,"href":"https:\/\/www.ecuadortimes.net\/es\/wp-json\/wp\/v2\/categories?post=221028"},{"taxonomy":"post_tag","embeddable":true,"href":"https:\/\/www.ecuadortimes.net\/es\/wp-json\/wp\/v2\/tags?post=221028"}],"curies":[{"name":"wp","href":"https:\/\/api.w.org\/{rel}","templated":true}]}}