{"id":221030,"date":"2013-09-24T00:00:00","date_gmt":"2013-09-24T00:00:00","guid":{"rendered":"https:\/\/www.ecuadortimes.net\/es\/terrorismo-en-kenia-afecta-su-crecimiento\/"},"modified":"2013-09-24T00:00:00","modified_gmt":"2013-09-24T00:00:00","slug":"terrorismo-en-kenia-afecta-su-crecimiento","status":"publish","type":"post","link":"https:\/\/www.ecuadortimes.net\/es\/terrorismo-en-kenia-afecta-su-crecimiento\/","title":{"rendered":"Terrorismo en Kenia afecta su crecimiento"},"content":{"rendered":"<div id=\"attachment_128654\" style=\"width: 310px\" class=\"wp-caption alignright\"><img aria-describedby=\"caption-attachment-128654\" loading=\"lazy\" class=\"size-medium wp-image-128654\" alt=\"Centro comercial Westgate\" src=\"https:\/\/www.ecuadortimes.net\/es\/wp-content\/uploads\/2013\/09\/Westgate-shopping-mall4-300x225.jpg\" width=\"300\" height=\"225\" \/><p id=\"caption-attachment-128654\" class=\"wp-caption-text\">Centro comercial Westgate<\/p><\/div>\n<p><b>El centro comercial Westgate de Nairobi, era un s\u00edmbolo de la creciente prosperidad de Kenia, pero desde que inici\u00f3 el asalto al centro comercial en la capital, su imagen se convirti\u00f3 en uno de los peores ataques terroristas en la historia del este africano, en el que hay 68 muertos.<\/b><\/p>\n<p>R\u00e1fagas de metralla, explosiones y una gran columna de humo negro sal\u00eda desde el inmueble durante el enfrentamiento de las fuerzas del orden con los terroristas rebeldes isl\u00e1micos, del presunto grupo Al Shabaab, un ala de Al Qaeda, que se tomaron el lujoso centro comercial.<\/p>\n<p>Joseph Ole Lenku, un vocero oficial, explic\u00f3 que ayer dos terroristas murieron durante un enfrentamiento con los militares.<\/p>\n<p>El ataque al centro comercial Westgate, no es el primero que afecta s\u00edmbolos importantes de una naci\u00f3n. Hay que recordar que Estados Unidos y la Uni\u00f3n Europea condenaron el ataque realizado por talibanes el domingo pasado contra una iglesia cristiana en Pakist\u00e1n, en el que murieron 80 personas.<\/p>\n","protected":false},"excerpt":{"rendered":"<p>El centro comercial Westgate de Nairobi, era un s\u00edmbolo de la creciente prosperidad de Kenia, pero desde que inici\u00f3 el asalto al centro comercial en la capital, su imagen se convirti\u00f3 en uno de los peores ataques terroristas en la historia del este africano, en el que hay 68 muertos. R\u00e1fagas de metralla, explosiones y una gran columna de humo negro sal\u00eda desde el inmueble durante el enfrentamiento de las fuerzas del orden con los terroristas rebeldes isl\u00e1micos, del presunto grupo Al Shabaab, un ala de Al Qaeda, que se tomaron el lujoso centro comercial. Joseph Ole Lenku, un vocero oficial, explic\u00f3 que ayer dos terroristas murieron durante un enfrentamiento con los militares. El ataque al centro comercial Westgate, no es el primero que afecta s\u00edmbolos importantes de una naci\u00f3n. Hay que recordar que Estados Unidos y la Uni\u00f3n Europea condenaron el ataque realizado por talibanes el domingo pasado contra una iglesia cristiana en Pakist\u00e1n, en el que murieron 80 personas.<\/p>\n","protected":false},"author":1,"featured_media":221031,"comment_status":"open","ping_status":"open","sticky":false,"template":"","format":"standard","meta":[],"categories":[34,37],"tags":[],"_links":{"self":[{"href":"https:\/\/www.ecuadortimes.net\/es\/wp-json\/wp\/v2\/posts\/221030"}],"collection":[{"href":"https:\/\/www.ecuadortimes.net\/es\/wp-json\/wp\/v2\/posts"}],"about":[{"href":"https:\/\/www.ecuadortimes.net\/es\/wp-json\/wp\/v2\/types\/post"}],"author":[{"embeddable":true,"href":"https:\/\/www.ecuadortimes.net\/es\/wp-json\/wp\/v2\/users\/1"}],"replies":[{"embeddable":true,"href":"https:\/\/www.ecuadortimes.net\/es\/wp-json\/wp\/v2\/comments?post=221030"}],"version-history":[{"count":0,"href":"https:\/\/www.ecuadortimes.net\/es\/wp-json\/wp\/v2\/posts\/221030\/revisions"}],"wp:featuredmedia":[{"embeddable":true,"href":"https:\/\/www.ecuadortimes.net\/es\/wp-json\/wp\/v2\/media\/221031"}],"wp:attachment":[{"href":"https:\/\/www.ecuadortimes.net\/es\/wp-json\/wp\/v2\/media?parent=221030"}],"wp:term":[{"taxonomy":"category","embeddable":true,"href":"https:\/\/www.ecuadortimes.net\/es\/wp-json\/wp\/v2\/categories?post=221030"},{"taxonomy":"post_tag","embeddable":true,"href":"https:\/\/www.ecuadortimes.net\/es\/wp-json\/wp\/v2\/tags?post=221030"}],"curies":[{"name":"wp","href":"https:\/\/api.w.org\/{rel}","templated":true}]}}