{"id":221034,"date":"2013-09-24T00:00:00","date_gmt":"2013-09-24T00:00:00","guid":{"rendered":"https:\/\/www.ecuadortimes.net\/es\/estados-unidos-dice-que-no-rechazo-visas-a-demandantes-de-chevron\/"},"modified":"2013-09-24T00:00:00","modified_gmt":"2013-09-24T00:00:00","slug":"estados-unidos-dice-que-no-rechazo-visas-a-demandantes-de-chevron","status":"publish","type":"post","link":"https:\/\/www.ecuadortimes.net\/es\/estados-unidos-dice-que-no-rechazo-visas-a-demandantes-de-chevron\/","title":{"rendered":"Estados Unidos dice que no rechaz\u00f3 visas a demandantes de Chevron"},"content":{"rendered":"<div id=\"attachment_128663\" style=\"width: 310px\" class=\"wp-caption alignleft\"><img aria-describedby=\"caption-attachment-128663\" loading=\"lazy\" class=\"size-medium wp-image-128663\" alt=\"Marco Albuja\" src=\"https:\/\/www.ecuadortimes.net\/es\/wp-content\/uploads\/2013\/09\/Marco-Albuja6-300x225.jpg\" width=\"300\" height=\"225\" \/><p id=\"caption-attachment-128663\" class=\"wp-caption-text\">Marco Albuja<\/p><\/div>\n<p><strong>Un portavoz del departamento de estado norteamericano confirm\u00f3 ayer que no ha negado visados para un grupo de demandantes implicados en el juicio contra la petrolera Chevron. No hemos rechazado ning\u00fan visado\u009d, explic\u00f3.<\/strong><\/p>\n<p>El ministerio de Relaciones Exteriores ecuatoriano denot\u00f3 el viernes pasado su <strong>molestia por la falta de tr\u00e1mite de las visas a cinco ciudadanos con pasaporte especial<\/strong>\u009d, los que ten\u00edan previsto ir a la sede de las Naciones Unidas a dar su testimonio en un evento especial en Nueva York, dentro del marco de la Asamblea General de la ONU. La Embajada de Estados Unidos, dijeron, <strong>devolvi\u00f3 los pasaportes especiales<\/strong>\u009d, <strong>sin ninguna respuesta<\/strong>\u009d.<\/p>\n<p>Durante la tarde de ayer, en una nueva aclaraci\u00f3n, se inform\u00f3 que ya se hab\u00edan emitido. <strong>Por insistencia (\u00a6), EE.UU. otorg\u00f3 hoy (ayer) las visas a los ecuatorianos afectados por Chevron para asistir a la ONU<\/strong>\u009d, as\u00ed lo public\u00f3 el diario virtual ecuadorinmediato.com, citando al vicecanciller Marco Albuja.<\/p>\n","protected":false},"excerpt":{"rendered":"<p>Un portavoz del departamento de estado norteamericano confirm\u00f3 ayer que no ha negado visados para un grupo de demandantes implicados en el juicio contra la petrolera Chevron. No hemos rechazado ning\u00fan visado\u009d, explic\u00f3. El ministerio de Relaciones Exteriores ecuatoriano denot\u00f3 el viernes pasado su molestia por la falta de tr\u00e1mite de las visas a cinco ciudadanos con pasaporte especial\u009d, los que ten\u00edan previsto ir a la sede de las Naciones Unidas a dar su testimonio en un evento especial en Nueva York, dentro del marco de la Asamblea General de la ONU. La Embajada de Estados Unidos, dijeron, devolvi\u00f3 los pasaportes especiales\u009d, sin ninguna respuesta\u009d. Durante la tarde de ayer, en una nueva aclaraci\u00f3n, se inform\u00f3 que ya se hab\u00edan emitido. Por insistencia (\u00a6), EE.UU. otorg\u00f3 hoy (ayer) las visas a los ecuatorianos afectados por Chevron para asistir a la ONU\u009d, as\u00ed lo public\u00f3 el diario virtual ecuadorinmediato.com, citando al vicecanciller Marco Albuja.<\/p>\n","protected":false},"author":1,"featured_media":221035,"comment_status":"open","ping_status":"open","sticky":false,"template":"","format":"standard","meta":[],"categories":[40,37],"tags":[],"_links":{"self":[{"href":"https:\/\/www.ecuadortimes.net\/es\/wp-json\/wp\/v2\/posts\/221034"}],"collection":[{"href":"https:\/\/www.ecuadortimes.net\/es\/wp-json\/wp\/v2\/posts"}],"about":[{"href":"https:\/\/www.ecuadortimes.net\/es\/wp-json\/wp\/v2\/types\/post"}],"author":[{"embeddable":true,"href":"https:\/\/www.ecuadortimes.net\/es\/wp-json\/wp\/v2\/users\/1"}],"replies":[{"embeddable":true,"href":"https:\/\/www.ecuadortimes.net\/es\/wp-json\/wp\/v2\/comments?post=221034"}],"version-history":[{"count":0,"href":"https:\/\/www.ecuadortimes.net\/es\/wp-json\/wp\/v2\/posts\/221034\/revisions"}],"wp:featuredmedia":[{"embeddable":true,"href":"https:\/\/www.ecuadortimes.net\/es\/wp-json\/wp\/v2\/media\/221035"}],"wp:attachment":[{"href":"https:\/\/www.ecuadortimes.net\/es\/wp-json\/wp\/v2\/media?parent=221034"}],"wp:term":[{"taxonomy":"category","embeddable":true,"href":"https:\/\/www.ecuadortimes.net\/es\/wp-json\/wp\/v2\/categories?post=221034"},{"taxonomy":"post_tag","embeddable":true,"href":"https:\/\/www.ecuadortimes.net\/es\/wp-json\/wp\/v2\/tags?post=221034"}],"curies":[{"name":"wp","href":"https:\/\/api.w.org\/{rel}","templated":true}]}}