{"id":221039,"date":"2013-09-24T00:00:00","date_gmt":"2013-09-24T00:00:00","guid":{"rendered":"https:\/\/www.ecuadortimes.net\/es\/a-finales-del-2013-se-definiran-los-costos-de-cocinas-de-induccion\/"},"modified":"2013-09-24T00:00:00","modified_gmt":"2013-09-24T00:00:00","slug":"a-finales-del-2013-se-definiran-los-costos-de-cocinas-de-induccion","status":"publish","type":"post","link":"https:\/\/www.ecuadortimes.net\/es\/a-finales-del-2013-se-definiran-los-costos-de-cocinas-de-induccion\/","title":{"rendered":"A finales del 2013 se definir\u00e1n los costos de cocinas de inducci\u00f3n"},"content":{"rendered":"<div id=\"attachment_128680\" style=\"width: 310px\" class=\"wp-caption alignright\"><img aria-describedby=\"caption-attachment-128680\" loading=\"lazy\" class=\"size-medium wp-image-128680\" alt=\"Cocinas de inducci\u00f3n\" src=\"https:\/\/www.ecuadortimes.net\/es\/wp-content\/uploads\/2013\/09\/Cocinas-de-induccion2-300x225.jpg\" width=\"300\" height=\"225\" \/><p id=\"caption-attachment-128680\" class=\"wp-caption-text\">Cocinas de inducci\u00f3n<\/p><\/div>\n<p><b>El r\u00e9gimen ecuatoriano espera tener definidos los precios y modelos de las cocinas de inducci\u00f3n por electricidad para diciembre pr\u00f3ximo. Esto estar\u00eda dentro del proyecto para reemplazar las cocinas a gas y eliminar el subsidio de este combustible.<\/b><\/p>\n<p>Ramiro Gonz\u00e1lez, ministro de Industrias, indic\u00f3 ayer que despu\u00e9s de participar en un evento con empresarios ecuatorianos y argentinos, el funcionario recorri\u00f3 industrias de l\u00ednea blanca de Cuenca, donde se fabrican cocinas para conocer sus prototipos. Gonz\u00e1lez tiene previsto para la pr\u00f3xima semana visitar dos m\u00e1s en la capital, las que tambi\u00e9n han desarrollado dichos artefactos.<\/p>\n<p><b>Nos han mostrado tres prototipos: uno de tres quemadores, uno de cuatro y otro de seis; nos mostraron los kits para reemplazar la parte de arriba de las cocinas que se fabrican en el Ecuador<\/b>\u009d, explic\u00f3 Gonz\u00e1lez sobre las exposiciones a las que asisti\u00f3.<\/p>\n<p>El r\u00e9gimen ecuatoriano espera comenzar con este proyecto en el 2015 y as\u00ed sustituir 3 500 000 cocinas. De acuerdo con Gonz\u00e1lez el cambio no se puede hacer <b>de un d\u00eda para otro<\/b>\u009d.<\/p>\n","protected":false},"excerpt":{"rendered":"<p>El r\u00e9gimen ecuatoriano espera tener definidos los precios y modelos de las cocinas de inducci\u00f3n por electricidad para diciembre pr\u00f3ximo. Esto estar\u00eda dentro del proyecto para reemplazar las cocinas a gas y eliminar el subsidio de este combustible. Ramiro Gonz\u00e1lez, ministro de Industrias, indic\u00f3 ayer que despu\u00e9s de participar en un evento con empresarios ecuatorianos y argentinos, el funcionario recorri\u00f3 industrias de l\u00ednea blanca de Cuenca, donde se fabrican cocinas para conocer sus prototipos. Gonz\u00e1lez tiene previsto para la pr\u00f3xima semana visitar dos m\u00e1s en la capital, las que tambi\u00e9n han desarrollado dichos artefactos. Nos han mostrado tres prototipos: uno de tres quemadores, uno de cuatro y otro de seis; nos mostraron los kits para reemplazar la parte de arriba de las cocinas que se fabrican en el Ecuador\u009d, explic\u00f3 Gonz\u00e1lez sobre las exposiciones a las que asisti\u00f3. El r\u00e9gimen ecuatoriano espera comenzar con este proyecto en el 2015 y as\u00ed sustituir 3 500 000 cocinas. De acuerdo con Gonz\u00e1lez el cambio no se puede hacer de un d\u00eda para otro\u009d.<\/p>\n","protected":false},"author":1,"featured_media":221040,"comment_status":"open","ping_status":"open","sticky":false,"template":"","format":"standard","meta":[],"categories":[43,37],"tags":[],"_links":{"self":[{"href":"https:\/\/www.ecuadortimes.net\/es\/wp-json\/wp\/v2\/posts\/221039"}],"collection":[{"href":"https:\/\/www.ecuadortimes.net\/es\/wp-json\/wp\/v2\/posts"}],"about":[{"href":"https:\/\/www.ecuadortimes.net\/es\/wp-json\/wp\/v2\/types\/post"}],"author":[{"embeddable":true,"href":"https:\/\/www.ecuadortimes.net\/es\/wp-json\/wp\/v2\/users\/1"}],"replies":[{"embeddable":true,"href":"https:\/\/www.ecuadortimes.net\/es\/wp-json\/wp\/v2\/comments?post=221039"}],"version-history":[{"count":0,"href":"https:\/\/www.ecuadortimes.net\/es\/wp-json\/wp\/v2\/posts\/221039\/revisions"}],"wp:featuredmedia":[{"embeddable":true,"href":"https:\/\/www.ecuadortimes.net\/es\/wp-json\/wp\/v2\/media\/221040"}],"wp:attachment":[{"href":"https:\/\/www.ecuadortimes.net\/es\/wp-json\/wp\/v2\/media?parent=221039"}],"wp:term":[{"taxonomy":"category","embeddable":true,"href":"https:\/\/www.ecuadortimes.net\/es\/wp-json\/wp\/v2\/categories?post=221039"},{"taxonomy":"post_tag","embeddable":true,"href":"https:\/\/www.ecuadortimes.net\/es\/wp-json\/wp\/v2\/tags?post=221039"}],"curies":[{"name":"wp","href":"https:\/\/api.w.org\/{rel}","templated":true}]}}