{"id":221043,"date":"2013-09-24T00:00:00","date_gmt":"2013-09-24T00:00:00","guid":{"rendered":"https:\/\/www.ecuadortimes.net\/es\/defensa-de-galo-lara-asegura-que-fbi-no-ficho-a-su-cliente\/"},"modified":"2013-09-24T00:00:00","modified_gmt":"2013-09-24T00:00:00","slug":"defensa-de-galo-lara-asegura-que-fbi-no-ficho-a-su-cliente","status":"publish","type":"post","link":"https:\/\/www.ecuadortimes.net\/es\/defensa-de-galo-lara-asegura-que-fbi-no-ficho-a-su-cliente\/","title":{"rendered":"Defensa de Galo Lara asegura que FBI no fich\u00f3 a su cliente"},"content":{"rendered":"<div id=\"attachment_128697\" style=\"width: 310px\" class=\"wp-caption alignright\"><img aria-describedby=\"caption-attachment-128697\" loading=\"lazy\" class=\"size-medium wp-image-128697\" alt=\"Galo Lara\" src=\"https:\/\/www.ecuadortimes.net\/es\/wp-content\/uploads\/2013\/09\/Galo-Lara31-300x225.jpg\" width=\"300\" height=\"225\" \/><p id=\"caption-attachment-128697\" class=\"wp-caption-text\">Galo Lara<\/p><\/div>\n<p><strong><\/strong><b>Los abogados defensores del exasamble\u00edsta Galo Lara (SP) negaron que su cliente conste en el registro de antecedentes policiales en un condado de Florida, Estados Unidos, y menos del FBI\u009d, asegur\u00f3 Pedro Granja, uno de sus defensores en el litigio.<\/b><\/p>\n<p>Granja desminti\u00f3 ayer la informaci\u00f3n del Ministerio del Interior que dec\u00eda que Lara fue acusado de robo a un domicilio en 1991, en el condado de Hialeah, Florida. Granja indic\u00f3 que ese a\u00f1o se abri\u00f3 una <b>bit\u00e1cora de investigaci\u00f3n<\/b>\u009d pues su cliente caminaba cerca de una casa que hab\u00eda sido robada en ese momento. Confirmo que por eso fue detenido, pero que no fue acusado de ning\u00fan delito.<\/p>\n<p>El abogado destac\u00f3 que la bit\u00e1cora fue realizada por la Polic\u00eda y no por el Bur\u00f3 Federal de Investigaciones (FBI), como indic\u00f3 el Ministro del Interior. Granja asegur\u00f3 ayer que la acusaci\u00f3n de su detenci\u00f3n busca perjudicar el pedido de asilo pol\u00edtico que se plante\u00f3 al gobierno de Panam\u00e1. Esto es despu\u00e9s que su cliente fue sentenciado a diez a\u00f1os de reclusi\u00f3n por ser c\u00f3mplice en un homicidio triple en el cant\u00f3n de Quinsaloma, provincia de Los R\u00edos.<\/p>\n","protected":false},"excerpt":{"rendered":"<p>Los abogados defensores del exasamble\u00edsta Galo Lara (SP) negaron que su cliente conste en el registro de antecedentes policiales en un condado de Florida, Estados Unidos, y menos del FBI\u009d, asegur\u00f3 Pedro Granja, uno de sus defensores en el litigio. Granja desminti\u00f3 ayer la informaci\u00f3n del Ministerio del Interior que dec\u00eda que Lara fue acusado de robo a un domicilio en 1991, en el condado de Hialeah, Florida. Granja indic\u00f3 que ese a\u00f1o se abri\u00f3 una bit\u00e1cora de investigaci\u00f3n\u009d pues su cliente caminaba cerca de una casa que hab\u00eda sido robada en ese momento. Confirmo que por eso fue detenido, pero que no fue acusado de ning\u00fan delito. El abogado destac\u00f3 que la bit\u00e1cora fue realizada por la Polic\u00eda y no por el Bur\u00f3 Federal de Investigaciones (FBI), como indic\u00f3 el Ministro del Interior. Granja asegur\u00f3 ayer que la acusaci\u00f3n de su detenci\u00f3n busca perjudicar el pedido de asilo pol\u00edtico que se plante\u00f3 al gobierno de Panam\u00e1. Esto es despu\u00e9s que su cliente fue sentenciado a diez a\u00f1os de reclusi\u00f3n por ser c\u00f3mplice en un homicidio triple en el cant\u00f3n de Quinsaloma, provincia de Los R\u00edos.<\/p>\n","protected":false},"author":1,"featured_media":221044,"comment_status":"open","ping_status":"open","sticky":false,"template":"","format":"standard","meta":[],"categories":[40,37],"tags":[],"_links":{"self":[{"href":"https:\/\/www.ecuadortimes.net\/es\/wp-json\/wp\/v2\/posts\/221043"}],"collection":[{"href":"https:\/\/www.ecuadortimes.net\/es\/wp-json\/wp\/v2\/posts"}],"about":[{"href":"https:\/\/www.ecuadortimes.net\/es\/wp-json\/wp\/v2\/types\/post"}],"author":[{"embeddable":true,"href":"https:\/\/www.ecuadortimes.net\/es\/wp-json\/wp\/v2\/users\/1"}],"replies":[{"embeddable":true,"href":"https:\/\/www.ecuadortimes.net\/es\/wp-json\/wp\/v2\/comments?post=221043"}],"version-history":[{"count":0,"href":"https:\/\/www.ecuadortimes.net\/es\/wp-json\/wp\/v2\/posts\/221043\/revisions"}],"wp:featuredmedia":[{"embeddable":true,"href":"https:\/\/www.ecuadortimes.net\/es\/wp-json\/wp\/v2\/media\/221044"}],"wp:attachment":[{"href":"https:\/\/www.ecuadortimes.net\/es\/wp-json\/wp\/v2\/media?parent=221043"}],"wp:term":[{"taxonomy":"category","embeddable":true,"href":"https:\/\/www.ecuadortimes.net\/es\/wp-json\/wp\/v2\/categories?post=221043"},{"taxonomy":"post_tag","embeddable":true,"href":"https:\/\/www.ecuadortimes.net\/es\/wp-json\/wp\/v2\/tags?post=221043"}],"curies":[{"name":"wp","href":"https:\/\/api.w.org\/{rel}","templated":true}]}}