{"id":221045,"date":"2013-09-25T00:00:00","date_gmt":"2013-09-25T00:00:00","guid":{"rendered":"https:\/\/www.ecuadortimes.net\/es\/quito-rinde-tributo-a-neruda-y-allende\/"},"modified":"2013-09-25T00:00:00","modified_gmt":"2013-09-25T00:00:00","slug":"quito-rinde-tributo-a-neruda-y-allende","status":"publish","type":"post","link":"https:\/\/www.ecuadortimes.net\/es\/quito-rinde-tributo-a-neruda-y-allende\/","title":{"rendered":"Quito rinde tributo a Neruda y Allende"},"content":{"rendered":"<p><img loading=\"lazy\" class=\"aligncenter size-full wp-image-128732\" alt=\"Screen Shot 2013-09-25 at 9.55.31\" src=\"https:\/\/www.ecuadortimes.net\/es\/wp-content\/uploads\/2013\/09\/Screen-Shot-2013-09-25-at-9.55.31.png\" width=\"595\" height=\"475\" \/><\/p>\n<p>La ciudad capital de los ecuatorianos rinde homenaje a dos legendarios personajes chilenos, influyentes en el pensamiento literario y pol\u00edtico de Am\u00e9rica Latina, Pablo Neruda y Salvador Allende.<\/p>\n<p>El Centro Cultural Metropolitano de Quito acoger\u00e1 sendas exposiciones en dos salas contiguas, donde se resaltar\u00e1 el legado de cada uno de los actores, con motivo del 40\u00ba aniversario de la muerte de ambos.<\/p>\n<p>Francisco Morales, coordinador de exposiciones del centro, explica que en esta exhibici\u00f3n, el poeta y el gobernante \u0098dialogar\u00e1n\u0099 sobre sus vidas, sus obras y sus experiencias, para que el visitante comprenda la esencia de cada una de sus personalidades.<\/p>\n<p>Se proyectar\u00e1n peri\u00f3dicos ecuatorianos que narrar\u00e1n la sorpresiva visita de Neruda a Guayaquil en 1957 as\u00ed como cartas manuscritas, retratos del poeta y otros elementos. Mientras que del expresidente chileno, se mostrar\u00e1 Un canto de vida\u009d, la cual resalta su car\u00e1cter, su entereza, su decisi\u00f3n para actuar y morir por un ideal\u009d.<\/p>\n","protected":false},"excerpt":{"rendered":"<p>La ciudad capital de los ecuatorianos rinde homenaje a dos legendarios personajes chilenos, influyentes en el pensamiento literario y pol\u00edtico de Am\u00e9rica Latina, Pablo Neruda y Salvador Allende. El Centro Cultural Metropolitano de Quito acoger\u00e1 sendas exposiciones en dos salas contiguas, donde se resaltar\u00e1 el legado de cada uno de los actores, con motivo del 40\u00ba aniversario de la muerte de ambos. Francisco Morales, coordinador de exposiciones del centro, explica que en esta exhibici\u00f3n, el poeta y el gobernante \u0098dialogar\u00e1n\u0099 sobre sus vidas, sus obras y sus experiencias, para que el visitante comprenda la esencia de cada una de sus personalidades. Se proyectar\u00e1n peri\u00f3dicos ecuatorianos que narrar\u00e1n la sorpresiva visita de Neruda a Guayaquil en 1957 as\u00ed como cartas manuscritas, retratos del poeta y otros elementos. Mientras que del expresidente chileno, se mostrar\u00e1 Un canto de vida\u009d, la cual resalta su car\u00e1cter, su entereza, su decisi\u00f3n para actuar y morir por un ideal\u009d.<\/p>\n","protected":false},"author":1,"featured_media":0,"comment_status":"open","ping_status":"open","sticky":false,"template":"","format":"standard","meta":[],"categories":[42,35,37],"tags":[],"_links":{"self":[{"href":"https:\/\/www.ecuadortimes.net\/es\/wp-json\/wp\/v2\/posts\/221045"}],"collection":[{"href":"https:\/\/www.ecuadortimes.net\/es\/wp-json\/wp\/v2\/posts"}],"about":[{"href":"https:\/\/www.ecuadortimes.net\/es\/wp-json\/wp\/v2\/types\/post"}],"author":[{"embeddable":true,"href":"https:\/\/www.ecuadortimes.net\/es\/wp-json\/wp\/v2\/users\/1"}],"replies":[{"embeddable":true,"href":"https:\/\/www.ecuadortimes.net\/es\/wp-json\/wp\/v2\/comments?post=221045"}],"version-history":[{"count":0,"href":"https:\/\/www.ecuadortimes.net\/es\/wp-json\/wp\/v2\/posts\/221045\/revisions"}],"wp:attachment":[{"href":"https:\/\/www.ecuadortimes.net\/es\/wp-json\/wp\/v2\/media?parent=221045"}],"wp:term":[{"taxonomy":"category","embeddable":true,"href":"https:\/\/www.ecuadortimes.net\/es\/wp-json\/wp\/v2\/categories?post=221045"},{"taxonomy":"post_tag","embeddable":true,"href":"https:\/\/www.ecuadortimes.net\/es\/wp-json\/wp\/v2\/tags?post=221045"}],"curies":[{"name":"wp","href":"https:\/\/api.w.org\/{rel}","templated":true}]}}