{"id":221056,"date":"2013-09-25T00:00:00","date_gmt":"2013-09-25T00:00:00","guid":{"rendered":"https:\/\/www.ecuadortimes.net\/es\/dilma-rousseff-reclama-espionaje-de-estados-unidos\/"},"modified":"2013-09-25T00:00:00","modified_gmt":"2013-09-25T00:00:00","slug":"dilma-rousseff-reclama-espionaje-de-estados-unidos","status":"publish","type":"post","link":"https:\/\/www.ecuadortimes.net\/es\/dilma-rousseff-reclama-espionaje-de-estados-unidos\/","title":{"rendered":"Dilma Rousseff reclama espionaje de Estados Unidos"},"content":{"rendered":"<div id=\"attachment_128762\" style=\"width: 310px\" class=\"wp-caption alignright\"><img aria-describedby=\"caption-attachment-128762\" loading=\"lazy\" class=\"size-medium wp-image-128762\" alt=\"Dilma Rousseff\" src=\"https:\/\/www.ecuadortimes.net\/es\/wp-content\/uploads\/2013\/09\/Dilma-Rousseff1-300x225.jpg\" width=\"300\" height=\"225\" \/><p id=\"caption-attachment-128762\" class=\"wp-caption-text\">Dilma Rousseff<\/p><\/div>\n<p><b>La presidenta de Brasil, Dilma Rousseff, critic\u00f3 ayer las acciones de espionaje internacional por parte de Estados Unidos. Sus comentarios fueron hechos durante la apertura de la Asamblea General de la ONU, en la que el presidente estadounidense, Barack Obama inst\u00f3 tomar acci\u00f3n para terminar la guerra civil en Siria.<\/b><\/p>\n<p>Rousseff recalc\u00f3 el caso de <b>quiebre del derecho internacional<\/b>\u009d y demand\u00f3 un control multilateral del uso de Internet. <b>Semejante injerencia es un quebrantamiento del derecho internacional y una afrenta<\/b>\u009d, dijo una enojada Rousseff, quien suspendi\u00f3 una visita a Washington, que estaba prevista para el 23 de octubre para discutir el tema.<\/p>\n<p><b>El ciberespacio no puede ser utilizado o manipulado como arma de guerra a trav\u00e9s del espionaje<\/b>\u009d, explic\u00f3 Rousseff, a\u00f1adiendo que el argumento de Estados Unidos sobre esa pr\u00e1ctica busca proteger al mundo de ataques terroristas es <b>insostenible<\/b>\u009d.<\/p>\n<p>Rosusseff pidi\u00f3 a la ONU <b>reglamentar como corresponde la conducta de los Estados Unidos en cuanto a la utilizaci\u00f3n de estas tecnolog\u00edas<\/b>\u009d, al mismo tiempo que anunci\u00f3 que su pa\u00eds buscar\u00e1 <b>establecer un marco civil multilateral para la gobernanza y utilizaci\u00f3n de Internet y protecci\u00f3n eficaz de los datos que viajan a trav\u00e9s de Internet<\/b>\u009d.<\/p>\n","protected":false},"excerpt":{"rendered":"<p>La presidenta de Brasil, Dilma Rousseff, critic\u00f3 ayer las acciones de espionaje internacional por parte de Estados Unidos. Sus comentarios fueron hechos durante la apertura de la Asamblea General de la ONU, en la que el presidente estadounidense, Barack Obama inst\u00f3 tomar acci\u00f3n para terminar la guerra civil en Siria. Rousseff recalc\u00f3 el caso de quiebre del derecho internacional\u009d y demand\u00f3 un control multilateral del uso de Internet. Semejante injerencia es un quebrantamiento del derecho internacional y una afrenta\u009d, dijo una enojada Rousseff, quien suspendi\u00f3 una visita a Washington, que estaba prevista para el 23 de octubre para discutir el tema. El ciberespacio no puede ser utilizado o manipulado como arma de guerra a trav\u00e9s del espionaje\u009d, explic\u00f3 Rousseff, a\u00f1adiendo que el argumento de Estados Unidos sobre esa pr\u00e1ctica busca proteger al mundo de ataques terroristas es insostenible\u009d. Rosusseff pidi\u00f3 a la ONU reglamentar como corresponde la conducta de los Estados Unidos en cuanto a la utilizaci\u00f3n de estas tecnolog\u00edas\u009d, al mismo tiempo que anunci\u00f3 que su pa\u00eds buscar\u00e1 establecer un marco civil multilateral para la gobernanza y utilizaci\u00f3n de Internet y protecci\u00f3n eficaz de los datos que viajan a trav\u00e9s de Internet\u009d.<\/p>\n","protected":false},"author":1,"featured_media":221057,"comment_status":"open","ping_status":"open","sticky":false,"template":"","format":"standard","meta":[],"categories":[34,37],"tags":[],"_links":{"self":[{"href":"https:\/\/www.ecuadortimes.net\/es\/wp-json\/wp\/v2\/posts\/221056"}],"collection":[{"href":"https:\/\/www.ecuadortimes.net\/es\/wp-json\/wp\/v2\/posts"}],"about":[{"href":"https:\/\/www.ecuadortimes.net\/es\/wp-json\/wp\/v2\/types\/post"}],"author":[{"embeddable":true,"href":"https:\/\/www.ecuadortimes.net\/es\/wp-json\/wp\/v2\/users\/1"}],"replies":[{"embeddable":true,"href":"https:\/\/www.ecuadortimes.net\/es\/wp-json\/wp\/v2\/comments?post=221056"}],"version-history":[{"count":0,"href":"https:\/\/www.ecuadortimes.net\/es\/wp-json\/wp\/v2\/posts\/221056\/revisions"}],"wp:featuredmedia":[{"embeddable":true,"href":"https:\/\/www.ecuadortimes.net\/es\/wp-json\/wp\/v2\/media\/221057"}],"wp:attachment":[{"href":"https:\/\/www.ecuadortimes.net\/es\/wp-json\/wp\/v2\/media?parent=221056"}],"wp:term":[{"taxonomy":"category","embeddable":true,"href":"https:\/\/www.ecuadortimes.net\/es\/wp-json\/wp\/v2\/categories?post=221056"},{"taxonomy":"post_tag","embeddable":true,"href":"https:\/\/www.ecuadortimes.net\/es\/wp-json\/wp\/v2\/tags?post=221056"}],"curies":[{"name":"wp","href":"https:\/\/api.w.org\/{rel}","templated":true}]}}