{"id":221073,"date":"2013-09-26T00:00:00","date_gmt":"2013-09-26T00:00:00","guid":{"rendered":"https:\/\/www.ecuadortimes.net\/es\/libro-una-tragedia-ocultada-es-prohibida-por-jueza-de-la-ninez\/"},"modified":"2013-09-26T00:00:00","modified_gmt":"2013-09-26T00:00:00","slug":"libro-una-tragedia-ocultada-es-prohibida-por-jueza-de-la-ninez","status":"publish","type":"post","link":"https:\/\/www.ecuadortimes.net\/es\/libro-una-tragedia-ocultada-es-prohibida-por-jueza-de-la-ninez\/","title":{"rendered":"Libro Una tragedia ocultada es prohibida por jueza de la Ni\u00f1ez"},"content":{"rendered":"<div id=\"attachment_128816\" style=\"width: 246px\" class=\"wp-caption alignleft\"><img aria-describedby=\"caption-attachment-128816\" loading=\"lazy\" class=\"size-medium wp-image-128816\" alt=\"Una Tragedia Oculta\" src=\"https:\/\/www.ecuadortimes.net\/es\/wp-content\/uploads\/2013\/09\/Una-Tragedia-Oculta-236x300.png\" width=\"236\" height=\"300\" \/><p id=\"caption-attachment-128816\" class=\"wp-caption-text\">Una Tragedia Oculta<\/p><\/div>\n<p><strong>Hilda Garc\u00e9s D\u00e1vila, jueza del Tribunal de la Ni\u00f1ez y de la Familia, emiti\u00f3 una resoluci\u00f3n que prohibi\u00f3 la difusi\u00f3n de la obra literaria \u0098Una tragedia ocultada\u0099, que se lanz\u00f3 la noche del mi\u00e9rcoles pasado en el auditorio de la Facultad Latinoamericana de Ciencias Sociales (Flacso).<\/strong><\/p>\n<p>El argumento se suscit\u00f3 por la imagen de una ni\u00f1a que aparece en la obra, escrita por Miguel Cabodevilla y Milagros Aguirre, ampar\u00e1ndose en el art\u00edculo 33 de la Ley de Garant\u00edas Constitucionales.<\/p>\n<p>Sin embargo, la resoluci\u00f3n de Garc\u00e9s se dict\u00f3 el mi\u00e9rcoles 24 de septiembre a las 17:43, media hora antes de la convocatoria a la presentaci\u00f3n de la obra realizada por Teodoro Bustamante, Milagros Aguirre y Fernando Carri\u00f3n.<\/p>\n<p>Fue Carri\u00f3n quien ley\u00f3 la notificaci\u00f3n judicial ante el auditorio. Cabodevilla explic\u00f3 que se sorprendi\u00f3 al ser llamado a la Fiscal\u00eda, dos d\u00edas antes de la presentaci\u00f3n de su libro. El fin de este llamado era para que entregue su investigaci\u00f3n, fotograf\u00edas y videos como parte del proceso de indagaci\u00f3n por el presunto delito de genocidio y etnocidio de pueblos no contactados desde marzo de este a\u00f1o.<\/p>\n","protected":false},"excerpt":{"rendered":"<p>Hilda Garc\u00e9s D\u00e1vila, jueza del Tribunal de la Ni\u00f1ez y de la Familia, emiti\u00f3 una resoluci\u00f3n que prohibi\u00f3 la difusi\u00f3n de la obra literaria \u0098Una tragedia ocultada\u0099, que se lanz\u00f3 la noche del mi\u00e9rcoles pasado en el auditorio de la Facultad Latinoamericana de Ciencias Sociales (Flacso). El argumento se suscit\u00f3 por la imagen de una ni\u00f1a que aparece en la obra, escrita por Miguel Cabodevilla y Milagros Aguirre, ampar\u00e1ndose en el art\u00edculo 33 de la Ley de Garant\u00edas Constitucionales. Sin embargo, la resoluci\u00f3n de Garc\u00e9s se dict\u00f3 el mi\u00e9rcoles 24 de septiembre a las 17:43, media hora antes de la convocatoria a la presentaci\u00f3n de la obra realizada por Teodoro Bustamante, Milagros Aguirre y Fernando Carri\u00f3n. Fue Carri\u00f3n quien ley\u00f3 la notificaci\u00f3n judicial ante el auditorio. Cabodevilla explic\u00f3 que se sorprendi\u00f3 al ser llamado a la Fiscal\u00eda, dos d\u00edas antes de la presentaci\u00f3n de su libro. El fin de este llamado era para que entregue su investigaci\u00f3n, fotograf\u00edas y videos como parte del proceso de indagaci\u00f3n por el presunto delito de genocidio y etnocidio de pueblos no contactados desde marzo de este a\u00f1o.<\/p>\n","protected":false},"author":1,"featured_media":221074,"comment_status":"open","ping_status":"open","sticky":false,"template":"","format":"standard","meta":[],"categories":[40,37],"tags":[],"_links":{"self":[{"href":"https:\/\/www.ecuadortimes.net\/es\/wp-json\/wp\/v2\/posts\/221073"}],"collection":[{"href":"https:\/\/www.ecuadortimes.net\/es\/wp-json\/wp\/v2\/posts"}],"about":[{"href":"https:\/\/www.ecuadortimes.net\/es\/wp-json\/wp\/v2\/types\/post"}],"author":[{"embeddable":true,"href":"https:\/\/www.ecuadortimes.net\/es\/wp-json\/wp\/v2\/users\/1"}],"replies":[{"embeddable":true,"href":"https:\/\/www.ecuadortimes.net\/es\/wp-json\/wp\/v2\/comments?post=221073"}],"version-history":[{"count":0,"href":"https:\/\/www.ecuadortimes.net\/es\/wp-json\/wp\/v2\/posts\/221073\/revisions"}],"wp:featuredmedia":[{"embeddable":true,"href":"https:\/\/www.ecuadortimes.net\/es\/wp-json\/wp\/v2\/media\/221074"}],"wp:attachment":[{"href":"https:\/\/www.ecuadortimes.net\/es\/wp-json\/wp\/v2\/media?parent=221073"}],"wp:term":[{"taxonomy":"category","embeddable":true,"href":"https:\/\/www.ecuadortimes.net\/es\/wp-json\/wp\/v2\/categories?post=221073"},{"taxonomy":"post_tag","embeddable":true,"href":"https:\/\/www.ecuadortimes.net\/es\/wp-json\/wp\/v2\/tags?post=221073"}],"curies":[{"name":"wp","href":"https:\/\/api.w.org\/{rel}","templated":true}]}}