{"id":221082,"date":"2013-09-26T00:00:00","date_gmt":"2013-09-26T00:00:00","guid":{"rendered":"https:\/\/www.ecuadortimes.net\/es\/un-reality-seleccionara-a-diez-famosos-para-viajar-al-espacio\/"},"modified":"2013-09-26T00:00:00","modified_gmt":"2013-09-26T00:00:00","slug":"un-reality-seleccionara-a-diez-famosos-para-viajar-al-espacio","status":"publish","type":"post","link":"https:\/\/www.ecuadortimes.net\/es\/un-reality-seleccionara-a-diez-famosos-para-viajar-al-espacio\/","title":{"rendered":"Un reality seleccionar\u00e1 a diez famosos para viajar al espacio"},"content":{"rendered":"<p><img loading=\"lazy\" class=\" wp-image-128838 alignright\" alt=\"Screen Shot 2013-09-26 at 14.59.48\" src=\"https:\/\/www.ecuadortimes.net\/es\/wp-content\/uploads\/2013\/09\/Screen-Shot-2013-09-26-at-14.59.48.png\" width=\"350\" height=\"218\" \/>El programa lo desarrolla Sony Picures Television (SPT) y se llama &#8220;Milky Way Mission&#8221; que consistir\u00e1 en someter a diez famosos a un entrenamiento de astronauta para prepararlos para un viaje suborbital, seg\u00fan inform\u00f3 la productora en un comunicado.<\/p>\n<p>La presentaci\u00f3n del programa ser\u00e1 entre el 7 y el 10 de octubre en la feria MIPCOM de Cannes, en Francia.<\/p>\n<p>El programa se emitir\u00e1 en 8 episodios de 1 hora cada uno y cada semana las estrellas enfrentar\u00e1n una serie de desaf\u00edos f\u00edsicos y mentales extremos para evitar ser eliminados y las rondas finales tendr\u00e1n lugar en la base de lanzamiento en Mojave, California, inform\u00f3 SPT. El premio final ser\u00e1 un billete al espacio.<\/p>\n<p>Se tiene previsto iniciar los viajes orbitales para civiles en 2014 a bordo de la nave Lynx Mark II de la compa\u00f1\u00eda californiana XCOR Aerospace.<\/p>\n<p>Se trata de un veh\u00edculo biplaza con aspecto de avi\u00f3n dise\u00f1ado para alcanzar una altitud de 100 kil\u00f3metros sobre la superficie de la Tierra, una distancia que marca la frontera entre la atm\u00f3sfera y el espacio exterior, y regresar tras media hora de vuelo al aer\u00f3dromo.<\/p>\n<p>&nbsp;<\/p>\n","protected":false},"excerpt":{"rendered":"<p>El programa lo desarrolla Sony Picures Television (SPT) y se llama &#8220;Milky Way Mission&#8221; que consistir\u00e1 en someter a diez famosos a un entrenamiento de astronauta para prepararlos para un viaje suborbital, seg\u00fan inform\u00f3 la productora en un comunicado. La presentaci\u00f3n del programa ser\u00e1 entre el 7 y el 10 de octubre en la feria MIPCOM de Cannes, en Francia. El programa se emitir\u00e1 en 8 episodios de 1 hora cada uno y cada semana las estrellas enfrentar\u00e1n una serie de desaf\u00edos f\u00edsicos y mentales extremos para evitar ser eliminados y las rondas finales tendr\u00e1n lugar en la base de lanzamiento en Mojave, California, inform\u00f3 SPT. El premio final ser\u00e1 un billete al espacio. Se tiene previsto iniciar los viajes orbitales para civiles en 2014 a bordo de la nave Lynx Mark II de la compa\u00f1\u00eda californiana XCOR Aerospace. Se trata de un veh\u00edculo biplaza con aspecto de avi\u00f3n dise\u00f1ado para alcanzar una altitud de 100 kil\u00f3metros sobre la superficie de la Tierra, una distancia que marca la frontera entre la atm\u00f3sfera y el espacio exterior, y regresar tras media hora de vuelo al aer\u00f3dromo. &nbsp;<\/p>\n","protected":false},"author":1,"featured_media":0,"comment_status":"open","ping_status":"open","sticky":false,"template":"","format":"standard","meta":[],"categories":[44,37],"tags":[],"_links":{"self":[{"href":"https:\/\/www.ecuadortimes.net\/es\/wp-json\/wp\/v2\/posts\/221082"}],"collection":[{"href":"https:\/\/www.ecuadortimes.net\/es\/wp-json\/wp\/v2\/posts"}],"about":[{"href":"https:\/\/www.ecuadortimes.net\/es\/wp-json\/wp\/v2\/types\/post"}],"author":[{"embeddable":true,"href":"https:\/\/www.ecuadortimes.net\/es\/wp-json\/wp\/v2\/users\/1"}],"replies":[{"embeddable":true,"href":"https:\/\/www.ecuadortimes.net\/es\/wp-json\/wp\/v2\/comments?post=221082"}],"version-history":[{"count":0,"href":"https:\/\/www.ecuadortimes.net\/es\/wp-json\/wp\/v2\/posts\/221082\/revisions"}],"wp:attachment":[{"href":"https:\/\/www.ecuadortimes.net\/es\/wp-json\/wp\/v2\/media?parent=221082"}],"wp:term":[{"taxonomy":"category","embeddable":true,"href":"https:\/\/www.ecuadortimes.net\/es\/wp-json\/wp\/v2\/categories?post=221082"},{"taxonomy":"post_tag","embeddable":true,"href":"https:\/\/www.ecuadortimes.net\/es\/wp-json\/wp\/v2\/tags?post=221082"}],"curies":[{"name":"wp","href":"https:\/\/api.w.org\/{rel}","templated":true}]}}