{"id":221087,"date":"2013-09-27T00:00:00","date_gmt":"2013-09-27T00:00:00","guid":{"rendered":"https:\/\/www.ecuadortimes.net\/es\/cne-da-mas-plazo-para-candidatos-de-las-seccionales\/"},"modified":"2013-09-27T00:00:00","modified_gmt":"2013-09-27T00:00:00","slug":"cne-da-mas-plazo-para-candidatos-de-las-seccionales","status":"publish","type":"post","link":"https:\/\/www.ecuadortimes.net\/es\/cne-da-mas-plazo-para-candidatos-de-las-seccionales\/","title":{"rendered":"CNE da m\u00e1s plazo para candidatos de las seccionales"},"content":{"rendered":"<div id=\"attachment_128851\" style=\"width: 310px\" class=\"wp-caption alignright\"><img aria-describedby=\"caption-attachment-128851\" loading=\"lazy\" class=\"size-medium wp-image-128851\" alt=\"CNE\" src=\"https:\/\/www.ecuadortimes.net\/es\/wp-content\/uploads\/2013\/09\/CNE-300x225.jpg\" width=\"300\" height=\"225\" \/><p id=\"caption-attachment-128851\" class=\"wp-caption-text\">CNE<\/p><\/div>\n<p><strong>Durante una reuni\u00f3n en Portoviejo, la asamblea del Consejo Nacional Electoral (CNE) decidi\u00f3 el jueves pasado, extender el cronograma de inscripci\u00f3n de candidaturas para las elecciones seccionales del 23 de febrero del 2014.<\/strong><\/p>\n<p>A trav\u00e9s de su p\u00e1gina oficial, el organismo explic\u00f3 que las inscripciones comenzar\u00e1n el 18 de octubre y terminar\u00e1n el 21 de noviembre, a las 18:00. El cambio no afectar\u00e1 el desarrollo normal y cumplimiento del calendario electoral.<\/p>\n<p>El sitio web del CNE a\u00f1adi\u00f3 que la resoluci\u00f3n se debe a la complejidad del proceso comicial en el que se elegir\u00e1n 5 621 autoridades: 221 alcaldes, 46 prefectos y viceprefectos, 868 concejales urbanos, 437 concejales rurales y 4 049 vocales de juntas parroquiales rurales.<\/p>\n<p>Dicho argumento fue presentado por el pleno del CNE para brindar mayor facilidad y tiempo a las organizaciones pol\u00edticas garantizando la ejecuci\u00f3n de sus derechos y puedan reunir los requisitos exigidos por la Ley.<\/p>\n","protected":false},"excerpt":{"rendered":"<p>Durante una reuni\u00f3n en Portoviejo, la asamblea del Consejo Nacional Electoral (CNE) decidi\u00f3 el jueves pasado, extender el cronograma de inscripci\u00f3n de candidaturas para las elecciones seccionales del 23 de febrero del 2014. A trav\u00e9s de su p\u00e1gina oficial, el organismo explic\u00f3 que las inscripciones comenzar\u00e1n el 18 de octubre y terminar\u00e1n el 21 de noviembre, a las 18:00. El cambio no afectar\u00e1 el desarrollo normal y cumplimiento del calendario electoral. El sitio web del CNE a\u00f1adi\u00f3 que la resoluci\u00f3n se debe a la complejidad del proceso comicial en el que se elegir\u00e1n 5 621 autoridades: 221 alcaldes, 46 prefectos y viceprefectos, 868 concejales urbanos, 437 concejales rurales y 4 049 vocales de juntas parroquiales rurales. Dicho argumento fue presentado por el pleno del CNE para brindar mayor facilidad y tiempo a las organizaciones pol\u00edticas garantizando la ejecuci\u00f3n de sus derechos y puedan reunir los requisitos exigidos por la Ley.<\/p>\n","protected":false},"author":1,"featured_media":221088,"comment_status":"open","ping_status":"open","sticky":false,"template":"","format":"standard","meta":[],"categories":[40,37],"tags":[],"_links":{"self":[{"href":"https:\/\/www.ecuadortimes.net\/es\/wp-json\/wp\/v2\/posts\/221087"}],"collection":[{"href":"https:\/\/www.ecuadortimes.net\/es\/wp-json\/wp\/v2\/posts"}],"about":[{"href":"https:\/\/www.ecuadortimes.net\/es\/wp-json\/wp\/v2\/types\/post"}],"author":[{"embeddable":true,"href":"https:\/\/www.ecuadortimes.net\/es\/wp-json\/wp\/v2\/users\/1"}],"replies":[{"embeddable":true,"href":"https:\/\/www.ecuadortimes.net\/es\/wp-json\/wp\/v2\/comments?post=221087"}],"version-history":[{"count":0,"href":"https:\/\/www.ecuadortimes.net\/es\/wp-json\/wp\/v2\/posts\/221087\/revisions"}],"wp:featuredmedia":[{"embeddable":true,"href":"https:\/\/www.ecuadortimes.net\/es\/wp-json\/wp\/v2\/media\/221088"}],"wp:attachment":[{"href":"https:\/\/www.ecuadortimes.net\/es\/wp-json\/wp\/v2\/media?parent=221087"}],"wp:term":[{"taxonomy":"category","embeddable":true,"href":"https:\/\/www.ecuadortimes.net\/es\/wp-json\/wp\/v2\/categories?post=221087"},{"taxonomy":"post_tag","embeddable":true,"href":"https:\/\/www.ecuadortimes.net\/es\/wp-json\/wp\/v2\/tags?post=221087"}],"curies":[{"name":"wp","href":"https:\/\/api.w.org\/{rel}","templated":true}]}}