{"id":221093,"date":"2013-09-27T00:00:00","date_gmt":"2013-09-27T00:00:00","guid":{"rendered":"https:\/\/www.ecuadortimes.net\/es\/ecuador-y-colombia-cuidaran-juntos-su-frontera-maritima\/"},"modified":"2013-09-27T00:00:00","modified_gmt":"2013-09-27T00:00:00","slug":"ecuador-y-colombia-cuidaran-juntos-su-frontera-maritima","status":"publish","type":"post","link":"https:\/\/www.ecuadortimes.net\/es\/ecuador-y-colombia-cuidaran-juntos-su-frontera-maritima\/","title":{"rendered":"Ecuador y Colombia cuidar\u00e1n juntos su frontera mar\u00edtima"},"content":{"rendered":"<div id=\"attachment_128865\" style=\"width: 350px\" class=\"wp-caption alignleft\"><a href=\"http:\/\/www.ecuadortimes.net\/es\/wp-content\/uploads\/2013\/09\/Rafael-Correa-y-Juan-Manuel-Santos.jpg\"><img aria-describedby=\"caption-attachment-128865\" loading=\"lazy\" class=\"size-full wp-image-128865\" alt=\"Rafael Correa y Juan Manuel Santos\" src=\"https:\/\/www.ecuadortimes.net\/es\/wp-content\/uploads\/2013\/09\/Rafael-Correa-y-Juan-Manuel-Santos.jpg\" width=\"340\" height=\"256\" \/><\/a><p id=\"caption-attachment-128865\" class=\"wp-caption-text\">Rafael Correa y Juan Manuel Santos<\/p><\/div>\n<p>El ministro de Defensa de Colombia, Juan Carlos Pinz\u00f3n, inform\u00f3 ayer que Colombia y Ecuador acordaron que juntos patullaran la zona costera de la frontera com\u00fan para fortalecer la lucha contra el narcotr\u00e1fico y la pesca ilegal.<\/p>\n<p>El acuerdo se logr\u00f3 tras una reuni\u00f3n que Pinz\u00f3n sostuvo con el ministro de Seguridad de Ecuador, Homero Arellano, en la ciudad de Cali, en el marco de un encuentro de autoridades civiles y militares de los dos pa\u00edses.<\/p>\n<p>&#8220;Hemos acordado que se van a hacer patrullajes conjuntos binacionales en la zona costera, zona mar\u00edtima especial de nuestra zona fronteriza (sobre el oc\u00e9ano Pac\u00edfico). Eso significa que patrullar\u00e1n conjuntamente unidades de guardacostas colombianas y patrulleras ecuatorianas&#8221;, se\u00f1al\u00f3 Pinz\u00f3n mediante un comunicado de su Ministerio.<\/p>\n<p>El encuentro de las autoridades de ambos pa\u00edses finalizar\u00e1 hoy con una visita al departamento lim\u00edtrofe de Putumayo (sur), donde operan grupos irregulares como la guerrilla de las FARC y hay siembras de coca, seg\u00fan el ministerio de Defensa.<\/p>\n<p>El pasado 8 de agosto, un militar ecuatoriano muri\u00f3 durante un enfrentamiento con miembros de las FARC en la zona fronteriza, luego de este acontecimiento el presidente Rafael Correa orden\u00f3 a los militares repeler cualquier ataque del lado colombiano.<\/p>\n<p>Durante ese enfrentamiento tambi\u00e9n fallecieron cinco insurgentes y result\u00f3 herido otro soldado ecuatoriano.<\/p>\n","protected":false},"excerpt":{"rendered":"<p>El ministro de Defensa de Colombia, Juan Carlos Pinz\u00f3n, inform\u00f3 ayer que Colombia y Ecuador acordaron que juntos patullaran la zona costera de la frontera com\u00fan para fortalecer la lucha contra el narcotr\u00e1fico y la pesca ilegal. El acuerdo se logr\u00f3 tras una reuni\u00f3n que Pinz\u00f3n sostuvo con el ministro de Seguridad de Ecuador, Homero Arellano, en la ciudad de Cali, en el marco de un encuentro de autoridades civiles y militares de los dos pa\u00edses. &#8220;Hemos acordado que se van a hacer patrullajes conjuntos binacionales en la zona costera, zona mar\u00edtima especial de nuestra zona fronteriza (sobre el oc\u00e9ano Pac\u00edfico). Eso significa que patrullar\u00e1n conjuntamente unidades de guardacostas colombianas y patrulleras ecuatorianas&#8221;, se\u00f1al\u00f3 Pinz\u00f3n mediante un comunicado de su Ministerio. El encuentro de las autoridades de ambos pa\u00edses finalizar\u00e1 hoy con una visita al departamento lim\u00edtrofe de Putumayo (sur), donde operan grupos irregulares como la guerrilla de las FARC y hay siembras de coca, seg\u00fan el ministerio de Defensa. El pasado 8 de agosto, un militar ecuatoriano muri\u00f3 durante un enfrentamiento con miembros de las FARC en la zona fronteriza, luego de este acontecimiento el presidente Rafael Correa orden\u00f3 a los militares repeler cualquier ataque del lado colombiano. Durante ese enfrentamiento tambi\u00e9n fallecieron cinco insurgentes y result\u00f3 herido otro soldado ecuatoriano.<\/p>\n","protected":false},"author":1,"featured_media":221094,"comment_status":"open","ping_status":"open","sticky":false,"template":"","format":"standard","meta":[],"categories":[40,37],"tags":[],"_links":{"self":[{"href":"https:\/\/www.ecuadortimes.net\/es\/wp-json\/wp\/v2\/posts\/221093"}],"collection":[{"href":"https:\/\/www.ecuadortimes.net\/es\/wp-json\/wp\/v2\/posts"}],"about":[{"href":"https:\/\/www.ecuadortimes.net\/es\/wp-json\/wp\/v2\/types\/post"}],"author":[{"embeddable":true,"href":"https:\/\/www.ecuadortimes.net\/es\/wp-json\/wp\/v2\/users\/1"}],"replies":[{"embeddable":true,"href":"https:\/\/www.ecuadortimes.net\/es\/wp-json\/wp\/v2\/comments?post=221093"}],"version-history":[{"count":0,"href":"https:\/\/www.ecuadortimes.net\/es\/wp-json\/wp\/v2\/posts\/221093\/revisions"}],"wp:featuredmedia":[{"embeddable":true,"href":"https:\/\/www.ecuadortimes.net\/es\/wp-json\/wp\/v2\/media\/221094"}],"wp:attachment":[{"href":"https:\/\/www.ecuadortimes.net\/es\/wp-json\/wp\/v2\/media?parent=221093"}],"wp:term":[{"taxonomy":"category","embeddable":true,"href":"https:\/\/www.ecuadortimes.net\/es\/wp-json\/wp\/v2\/categories?post=221093"},{"taxonomy":"post_tag","embeddable":true,"href":"https:\/\/www.ecuadortimes.net\/es\/wp-json\/wp\/v2\/tags?post=221093"}],"curies":[{"name":"wp","href":"https:\/\/api.w.org\/{rel}","templated":true}]}}