{"id":221099,"date":"2013-09-27T00:00:00","date_gmt":"2013-09-27T00:00:00","guid":{"rendered":"https:\/\/www.ecuadortimes.net\/es\/correa-mantiene-que-explotacion-de-yasuni-permitira-crecer-al-ecuador\/"},"modified":"2013-09-27T00:00:00","modified_gmt":"2013-09-27T00:00:00","slug":"correa-mantiene-que-explotacion-de-yasuni-permitira-crecer-al-ecuador","status":"publish","type":"post","link":"https:\/\/www.ecuadortimes.net\/es\/correa-mantiene-que-explotacion-de-yasuni-permitira-crecer-al-ecuador\/","title":{"rendered":"Correa mantiene que explotaci\u00f3n de Yasun\u00ed permitir\u00e1 crecer al Ecuador"},"content":{"rendered":"<div id=\"attachment_128877\" style=\"width: 310px\" class=\"wp-caption alignright\"><img aria-describedby=\"caption-attachment-128877\" loading=\"lazy\" class=\"size-medium wp-image-128877\" alt=\"Rafael Correa\" src=\"https:\/\/www.ecuadortimes.net\/es\/wp-content\/uploads\/2013\/09\/Rafael-Correa1-300x225.jpg\" width=\"300\" height=\"225\" \/><p id=\"caption-attachment-128877\" class=\"wp-caption-text\">Rafael Correa<\/p><\/div>\n<p><strong>El l\u00edder del r\u00e9gimen, Rafael Correa, sostuvo ayer, jueves 26 de septiembre, que la explotaci\u00f3n petrolera en el parque nacional Yasun\u00ed permitir\u00e1 al pa\u00eds crecer sostenidamente en los pr\u00f3ximos a\u00f1os con un 8 por ciento anual.<\/strong><\/p>\n<p>Durante una entrevista en el canal Telerama, el presidente asegur\u00f3 que la explotaci\u00f3n del Yasun\u00ed-ITT, ser\u00e1 positivo para la econom\u00eda del pa\u00eds y tambi\u00e9n en el \u00e1mbito social, pues permitir\u00e1 pelear contra la pobreza extrema, la que \u00e9l se ha propuesto erradicar hasta el 2017, cuando termine su periodo.<\/p>\n<p>Correa sostuvo que <strong>el impacto es muy grande<\/strong>\u009d, pues se cree que la producci\u00f3n petrolera de los campos Ishpingo, Tambococha y Tiputini (ITT) le permitir\u00e1 al pa\u00eds incrementar 5% la tasa de crecimiento en la etapa pico de producci\u00f3n de dichos yacimientos.<\/p>\n<p>El presidente de la Rep\u00fablica explic\u00f3 que de acuerdo con los c\u00e1lculos del Gobierno, sin la explotaci\u00f3n del ITT, el pa\u00eds crecer\u00eda en un 3%, pero que con esa explotaci\u00f3n, alcanzar\u00edan tasas de un 8% en dos o tres a\u00f1os.<\/p>\n<p>&#8220;No podemos ser tan irresponsable para dejar m\u00e1s de 18 000 millones (de d\u00f3lares) bajo tierra&#8221;, en un pa\u00eds que tiene un 24% de desnutrici\u00f3n infantil, a\u00f1adi\u00f3 Correa.<\/p>\n<p>No obstante, si dijo que fue una decisi\u00f3n <strong>dolorosa\u009d<\/strong> pedir a la Asamblea Nacional legislativa que apruebe la explotaci\u00f3n del ITT, pues esto pone fin a una iniciativa suya para dejar bajo tierra 920 millones de barriles de crudo de reserva en esa zona, a cambio de una compensaci\u00f3n internacional.<\/p>\n","protected":false},"excerpt":{"rendered":"<p>El l\u00edder del r\u00e9gimen, Rafael Correa, sostuvo ayer, jueves 26 de septiembre, que la explotaci\u00f3n petrolera en el parque nacional Yasun\u00ed permitir\u00e1 al pa\u00eds crecer sostenidamente en los pr\u00f3ximos a\u00f1os con un 8 por ciento anual. Durante una entrevista en el canal Telerama, el presidente asegur\u00f3 que la explotaci\u00f3n del Yasun\u00ed-ITT, ser\u00e1 positivo para la econom\u00eda del pa\u00eds y tambi\u00e9n en el \u00e1mbito social, pues permitir\u00e1 pelear contra la pobreza extrema, la que \u00e9l se ha propuesto erradicar hasta el 2017, cuando termine su periodo. Correa sostuvo que el impacto es muy grande\u009d, pues se cree que la producci\u00f3n petrolera de los campos Ishpingo, Tambococha y Tiputini (ITT) le permitir\u00e1 al pa\u00eds incrementar 5% la tasa de crecimiento en la etapa pico de producci\u00f3n de dichos yacimientos. El presidente de la Rep\u00fablica explic\u00f3 que de acuerdo con los c\u00e1lculos del Gobierno, sin la explotaci\u00f3n del ITT, el pa\u00eds crecer\u00eda en un 3%, pero que con esa explotaci\u00f3n, alcanzar\u00edan tasas de un 8% en dos o tres a\u00f1os. &#8220;No podemos ser tan irresponsable para dejar m\u00e1s de 18 000 millones (de d\u00f3lares) bajo tierra&#8221;, en un pa\u00eds que tiene un 24% de desnutrici\u00f3n infantil, a\u00f1adi\u00f3 Correa. No obstante, si dijo que fue una decisi\u00f3n dolorosa\u009d pedir a la Asamblea Nacional legislativa que apruebe la explotaci\u00f3n del ITT, pues esto pone fin a una iniciativa suya para dejar bajo tierra 920 millones de barriles de crudo de reserva en esa zona, a cambio de una compensaci\u00f3n internacional.<\/p>\n","protected":false},"author":1,"featured_media":221100,"comment_status":"open","ping_status":"open","sticky":false,"template":"","format":"standard","meta":[],"categories":[40,37],"tags":[],"_links":{"self":[{"href":"https:\/\/www.ecuadortimes.net\/es\/wp-json\/wp\/v2\/posts\/221099"}],"collection":[{"href":"https:\/\/www.ecuadortimes.net\/es\/wp-json\/wp\/v2\/posts"}],"about":[{"href":"https:\/\/www.ecuadortimes.net\/es\/wp-json\/wp\/v2\/types\/post"}],"author":[{"embeddable":true,"href":"https:\/\/www.ecuadortimes.net\/es\/wp-json\/wp\/v2\/users\/1"}],"replies":[{"embeddable":true,"href":"https:\/\/www.ecuadortimes.net\/es\/wp-json\/wp\/v2\/comments?post=221099"}],"version-history":[{"count":0,"href":"https:\/\/www.ecuadortimes.net\/es\/wp-json\/wp\/v2\/posts\/221099\/revisions"}],"wp:featuredmedia":[{"embeddable":true,"href":"https:\/\/www.ecuadortimes.net\/es\/wp-json\/wp\/v2\/media\/221100"}],"wp:attachment":[{"href":"https:\/\/www.ecuadortimes.net\/es\/wp-json\/wp\/v2\/media?parent=221099"}],"wp:term":[{"taxonomy":"category","embeddable":true,"href":"https:\/\/www.ecuadortimes.net\/es\/wp-json\/wp\/v2\/categories?post=221099"},{"taxonomy":"post_tag","embeddable":true,"href":"https:\/\/www.ecuadortimes.net\/es\/wp-json\/wp\/v2\/tags?post=221099"}],"curies":[{"name":"wp","href":"https:\/\/api.w.org\/{rel}","templated":true}]}}