{"id":221118,"date":"2013-09-29T00:00:00","date_gmt":"2013-09-29T00:00:00","guid":{"rendered":"https:\/\/www.ecuadortimes.net\/es\/nebot-desmiente-a-ministro-y-asegura-que-no-hace-campana-con-ayuda-a-estudiantes\/"},"modified":"2013-09-29T00:00:00","modified_gmt":"2013-09-29T00:00:00","slug":"nebot-desmiente-a-ministro-y-asegura-que-no-hace-campana-con-ayuda-a-estudiantes","status":"publish","type":"post","link":"https:\/\/www.ecuadortimes.net\/es\/nebot-desmiente-a-ministro-y-asegura-que-no-hace-campana-con-ayuda-a-estudiantes\/","title":{"rendered":"Nebot desmiente a Ministro y asegura que no hace campa\u00f1a con ayuda a estudiantes"},"content":{"rendered":"<div id=\"attachment_134217\" style=\"width: 310px\" class=\"wp-caption alignright\"><img aria-describedby=\"caption-attachment-134217\" loading=\"lazy\" class=\"size-medium wp-image-134217 \" alt=\"Jaime Nebot\" src=\"https:\/\/www.ecuadortimes.net\/es\/wp-content\/uploads\/2013\/09\/Jaime-Nebot2-300x225.jpg\" width=\"300\" height=\"225\" \/><p id=\"caption-attachment-134217\" class=\"wp-caption-text\">Jaime Nebot<\/p><\/div>\n<p><b>El alcalde de Guayaquil, Jaime Nebot, respondi\u00f3 ayer,\u00a0 mediante un comunicado de prensa, al ministro de Educaci\u00f3n, Augusto Espinosa, Que el ministro d\u00e9 permiso a sus subalternos; el alcalde de Guayaquil no lo es\u009d, en referencia a que el viernes pasado el Ministro advirti\u00f3 que si el Cabildo quiere ingresar e invertir\u00a0 en un establecimiento educativo fiscal deber\u00e1 pedirle autorizaci\u00f3n.<\/b><\/p>\n<p>Nebot afirm\u00f3 que tampoco entregar\u00e1 recursos como solicita el Ministerio para que los municipios puedan intervenir en infraestructura escolar.<\/p>\n<p>Adem\u00e1s, neg\u00f3 que estaba trasladando el tema educativo a su campa\u00f1a electoral y lo quer\u00eda convertir en su <b>banderita<\/b> <b>pol\u00edtica<\/b>\u009d, como afirm\u00f3 el Ministro Espinosa.<\/p>\n<p>El Alcalde dijo que su administraci\u00f3n ha hecho un enorme y variado aporte a la educaci\u00f3n de ni\u00f1os y j\u00f3venes en Guayaquil,\u00a0 desde hace ocho a\u00f1os y que el que hace politiquer\u00eda sobre el tema desde hace 8 d\u00edas es el ministro del ramo.<\/p>\n<p>&nbsp;<\/p>\n","protected":false},"excerpt":{"rendered":"<p>El alcalde de Guayaquil, Jaime Nebot, respondi\u00f3 ayer,\u00a0 mediante un comunicado de prensa, al ministro de Educaci\u00f3n, Augusto Espinosa, Que el ministro d\u00e9 permiso a sus subalternos; el alcalde de Guayaquil no lo es\u009d, en referencia a que el viernes pasado el Ministro advirti\u00f3 que si el Cabildo quiere ingresar e invertir\u00a0 en un establecimiento educativo fiscal deber\u00e1 pedirle autorizaci\u00f3n. Nebot afirm\u00f3 que tampoco entregar\u00e1 recursos como solicita el Ministerio para que los municipios puedan intervenir en infraestructura escolar. Adem\u00e1s, neg\u00f3 que estaba trasladando el tema educativo a su campa\u00f1a electoral y lo quer\u00eda convertir en su banderita pol\u00edtica\u009d, como afirm\u00f3 el Ministro Espinosa. El Alcalde dijo que su administraci\u00f3n ha hecho un enorme y variado aporte a la educaci\u00f3n de ni\u00f1os y j\u00f3venes en Guayaquil,\u00a0 desde hace ocho a\u00f1os y que el que hace politiquer\u00eda sobre el tema desde hace 8 d\u00edas es el ministro del ramo. &nbsp;<\/p>\n","protected":false},"author":1,"featured_media":221119,"comment_status":"open","ping_status":"open","sticky":false,"template":"","format":"standard","meta":[],"categories":[40,37],"tags":[],"_links":{"self":[{"href":"https:\/\/www.ecuadortimes.net\/es\/wp-json\/wp\/v2\/posts\/221118"}],"collection":[{"href":"https:\/\/www.ecuadortimes.net\/es\/wp-json\/wp\/v2\/posts"}],"about":[{"href":"https:\/\/www.ecuadortimes.net\/es\/wp-json\/wp\/v2\/types\/post"}],"author":[{"embeddable":true,"href":"https:\/\/www.ecuadortimes.net\/es\/wp-json\/wp\/v2\/users\/1"}],"replies":[{"embeddable":true,"href":"https:\/\/www.ecuadortimes.net\/es\/wp-json\/wp\/v2\/comments?post=221118"}],"version-history":[{"count":0,"href":"https:\/\/www.ecuadortimes.net\/es\/wp-json\/wp\/v2\/posts\/221118\/revisions"}],"wp:featuredmedia":[{"embeddable":true,"href":"https:\/\/www.ecuadortimes.net\/es\/wp-json\/wp\/v2\/media\/221119"}],"wp:attachment":[{"href":"https:\/\/www.ecuadortimes.net\/es\/wp-json\/wp\/v2\/media?parent=221118"}],"wp:term":[{"taxonomy":"category","embeddable":true,"href":"https:\/\/www.ecuadortimes.net\/es\/wp-json\/wp\/v2\/categories?post=221118"},{"taxonomy":"post_tag","embeddable":true,"href":"https:\/\/www.ecuadortimes.net\/es\/wp-json\/wp\/v2\/tags?post=221118"}],"curies":[{"name":"wp","href":"https:\/\/api.w.org\/{rel}","templated":true}]}}