{"id":221122,"date":"2013-09-29T00:00:00","date_gmt":"2013-09-29T00:00:00","guid":{"rendered":"https:\/\/www.ecuadortimes.net\/es\/catolica-firme-emelec-afloja\/"},"modified":"2013-09-29T00:00:00","modified_gmt":"2013-09-29T00:00:00","slug":"catolica-firme-emelec-afloja","status":"publish","type":"post","link":"https:\/\/www.ecuadortimes.net\/es\/catolica-firme-emelec-afloja\/","title":{"rendered":"Cat\u00f3lica firme, Emelec afloja"},"content":{"rendered":"<div id=\"attachment_134225\" style=\"width: 310px\" class=\"wp-caption alignleft\"><img aria-describedby=\"caption-attachment-134225\" loading=\"lazy\" class=\"size-medium wp-image-134225\" alt=\"Emelec empat\u00f3 \" src=\"https:\/\/www.ecuadortimes.net\/es\/wp-content\/uploads\/2013\/09\/Emelec-looses-300x225.jpg\" width=\"300\" height=\"225\" \/><p id=\"caption-attachment-134225\" class=\"wp-caption-text\">Emelec empat\u00f3<\/p><\/div>\n<p><strong>Los santos ganaron 1-0 a El Nacional y los azules empataron sin goles con Liga de Quito. Con esos resultados, los primeros son l\u00edderes absolutos con 28 puntos, seguidos de los el\u00e9ctricos con 26. Independiente, que gole\u00f3 a Barcelona 3-0 sigue tercero con 23 puntos.<\/strong><\/p>\n<p>Universidad Cat\u00f3lica sufri\u00f3 para vencer a El Nacional, en un partido parejo, que solo se decidi\u00f3 al minuto 80 con gol del defensa camarata Cang\u00e1.<\/p>\n<p>Por su parte, Emelec volvi\u00f3 a jugar displicente en su cancha ante estadio lleno y no pudo anotar ni de penal, Enner Valencia fall\u00f3 desde los once pasos; ni supo aprovechar que Liga de Quito termin\u00f3 jugando con dos jugadores menos por expulsi\u00f3n.<\/p>\n<p>En otro partido jugado ayer, Macar\u00e1 empat\u00f3 1-1 con Deportivo Cuenca. Hoy juegan Manta y Quito y est\u00e1 suspendido el encuentro entre Liga de Loja y Deportivo Quevedo.<\/p>\n<p>La pr\u00f3xima fecha se juega esta semana y el campeonato entra en receso para permitir los partidos de la selecci\u00f3n por las eliminatorias al mundial Brasil 2014.<\/p>\n<p>&nbsp;<\/p>\n","protected":false},"excerpt":{"rendered":"<p>Los santos ganaron 1-0 a El Nacional y los azules empataron sin goles con Liga de Quito. Con esos resultados, los primeros son l\u00edderes absolutos con 28 puntos, seguidos de los el\u00e9ctricos con 26. Independiente, que gole\u00f3 a Barcelona 3-0 sigue tercero con 23 puntos. Universidad Cat\u00f3lica sufri\u00f3 para vencer a El Nacional, en un partido parejo, que solo se decidi\u00f3 al minuto 80 con gol del defensa camarata Cang\u00e1. Por su parte, Emelec volvi\u00f3 a jugar displicente en su cancha ante estadio lleno y no pudo anotar ni de penal, Enner Valencia fall\u00f3 desde los once pasos; ni supo aprovechar que Liga de Quito termin\u00f3 jugando con dos jugadores menos por expulsi\u00f3n. En otro partido jugado ayer, Macar\u00e1 empat\u00f3 1-1 con Deportivo Cuenca. Hoy juegan Manta y Quito y est\u00e1 suspendido el encuentro entre Liga de Loja y Deportivo Quevedo. La pr\u00f3xima fecha se juega esta semana y el campeonato entra en receso para permitir los partidos de la selecci\u00f3n por las eliminatorias al mundial Brasil 2014. &nbsp;<\/p>\n","protected":false},"author":1,"featured_media":221123,"comment_status":"open","ping_status":"open","sticky":false,"template":"","format":"standard","meta":[],"categories":[38,37],"tags":[],"_links":{"self":[{"href":"https:\/\/www.ecuadortimes.net\/es\/wp-json\/wp\/v2\/posts\/221122"}],"collection":[{"href":"https:\/\/www.ecuadortimes.net\/es\/wp-json\/wp\/v2\/posts"}],"about":[{"href":"https:\/\/www.ecuadortimes.net\/es\/wp-json\/wp\/v2\/types\/post"}],"author":[{"embeddable":true,"href":"https:\/\/www.ecuadortimes.net\/es\/wp-json\/wp\/v2\/users\/1"}],"replies":[{"embeddable":true,"href":"https:\/\/www.ecuadortimes.net\/es\/wp-json\/wp\/v2\/comments?post=221122"}],"version-history":[{"count":0,"href":"https:\/\/www.ecuadortimes.net\/es\/wp-json\/wp\/v2\/posts\/221122\/revisions"}],"wp:featuredmedia":[{"embeddable":true,"href":"https:\/\/www.ecuadortimes.net\/es\/wp-json\/wp\/v2\/media\/221123"}],"wp:attachment":[{"href":"https:\/\/www.ecuadortimes.net\/es\/wp-json\/wp\/v2\/media?parent=221122"}],"wp:term":[{"taxonomy":"category","embeddable":true,"href":"https:\/\/www.ecuadortimes.net\/es\/wp-json\/wp\/v2\/categories?post=221122"},{"taxonomy":"post_tag","embeddable":true,"href":"https:\/\/www.ecuadortimes.net\/es\/wp-json\/wp\/v2\/tags?post=221122"}],"curies":[{"name":"wp","href":"https:\/\/api.w.org\/{rel}","templated":true}]}}