{"id":221126,"date":"2013-09-30T00:00:00","date_gmt":"2013-09-30T00:00:00","guid":{"rendered":"https:\/\/www.ecuadortimes.net\/es\/montaje-de-voz-del-expresidente-hugo-chavez-genera-protestas\/"},"modified":"2013-09-30T00:00:00","modified_gmt":"2013-09-30T00:00:00","slug":"montaje-de-voz-del-expresidente-hugo-chavez-genera-protestas","status":"publish","type":"post","link":"https:\/\/www.ecuadortimes.net\/es\/montaje-de-voz-del-expresidente-hugo-chavez-genera-protestas\/","title":{"rendered":"Montaje de voz del expresidente Hugo Ch\u00e1vez genera protestas"},"content":{"rendered":"<div id=\"attachment_134231\" style=\"width: 350px\" class=\"wp-caption alignleft\"><a href=\"http:\/\/www.ecuadortimes.net\/es\/wp-content\/uploads\/2013\/09\/Hugo-Ch\u00e1vez.jpg\"><img aria-describedby=\"caption-attachment-134231\" loading=\"lazy\" class=\"size-full wp-image-134231\" alt=\"Hugo Ch\u00e1vez\" src=\"https:\/\/www.ecuadortimes.net\/es\/wp-content\/uploads\/2013\/09\/Hugo-Ch\u00e1vez.jpg\" width=\"340\" height=\"256\" \/><\/a><p id=\"caption-attachment-134231\" class=\"wp-caption-text\"><strong>Hugo Ch\u00e1vez<\/strong><\/p><\/div>\n<p><strong>La reacci\u00f3n del actual presidente venezolano, Nicol\u00e1s Maduro, frente a la supuesta\u00a0 grabaci\u00f3n de voz del expresidente Hugo Ch\u00e1vez, quien falleci\u00f3 en marzo pasado, fue de rechazo.<\/strong><\/p>\n<p>Maduro acus\u00f3 de este montaje al publicista venezolano Juan Jos\u00e9 Rend\u00f3n y al partido de la derecha amarilla fascista\u009d Primero Justicia, del l\u00edder opositor Henrique Capriles.<\/p>\n<p><strong>Ad\u00e1n (Ch\u00e1vez), hermano, c\u00f3mo est\u00e1s, aqu\u00ed estoy recuper\u00e1ndome no, poco a poco&#8230; c\u00f3mo los he extra\u00f1ado todos estos meses&#8230; quiero que les digas a los muchachos que hoy 16 de septiembre (repite la fecha), estoy m\u00e1s vivo que nunca\u009d, estas frases son parte de la grabaci\u00f3n que est\u00e1 circulando en internet<\/strong> y aparece en Youtube.com bajo el t\u00edtulo Ch\u00e1vez est\u00e1 vivo septiembre 2013\u009d.<\/p>\n<p>Por su parte, el gobernador de Barinas, Ad\u00e1n Ch\u00e1vez indic\u00f3 que el montaje busca desprestigiar a Maduro y al presidente de la Asamblea Nacional, Diosdado Cabello. La oposici\u00f3n no se ha pronunciado.<\/p>\n","protected":false},"excerpt":{"rendered":"<p>La reacci\u00f3n del actual presidente venezolano, Nicol\u00e1s Maduro, frente a la supuesta\u00a0 grabaci\u00f3n de voz del expresidente Hugo Ch\u00e1vez, quien falleci\u00f3 en marzo pasado, fue de rechazo. Maduro acus\u00f3 de este montaje al publicista venezolano Juan Jos\u00e9 Rend\u00f3n y al partido de la derecha amarilla fascista\u009d Primero Justicia, del l\u00edder opositor Henrique Capriles. Ad\u00e1n (Ch\u00e1vez), hermano, c\u00f3mo est\u00e1s, aqu\u00ed estoy recuper\u00e1ndome no, poco a poco&#8230; c\u00f3mo los he extra\u00f1ado todos estos meses&#8230; quiero que les digas a los muchachos que hoy 16 de septiembre (repite la fecha), estoy m\u00e1s vivo que nunca\u009d, estas frases son parte de la grabaci\u00f3n que est\u00e1 circulando en internet y aparece en Youtube.com bajo el t\u00edtulo Ch\u00e1vez est\u00e1 vivo septiembre 2013\u009d. Por su parte, el gobernador de Barinas, Ad\u00e1n Ch\u00e1vez indic\u00f3 que el montaje busca desprestigiar a Maduro y al presidente de la Asamblea Nacional, Diosdado Cabello. La oposici\u00f3n no se ha pronunciado.<\/p>\n","protected":false},"author":1,"featured_media":221127,"comment_status":"open","ping_status":"open","sticky":false,"template":"","format":"standard","meta":[],"categories":[34,37],"tags":[],"_links":{"self":[{"href":"https:\/\/www.ecuadortimes.net\/es\/wp-json\/wp\/v2\/posts\/221126"}],"collection":[{"href":"https:\/\/www.ecuadortimes.net\/es\/wp-json\/wp\/v2\/posts"}],"about":[{"href":"https:\/\/www.ecuadortimes.net\/es\/wp-json\/wp\/v2\/types\/post"}],"author":[{"embeddable":true,"href":"https:\/\/www.ecuadortimes.net\/es\/wp-json\/wp\/v2\/users\/1"}],"replies":[{"embeddable":true,"href":"https:\/\/www.ecuadortimes.net\/es\/wp-json\/wp\/v2\/comments?post=221126"}],"version-history":[{"count":0,"href":"https:\/\/www.ecuadortimes.net\/es\/wp-json\/wp\/v2\/posts\/221126\/revisions"}],"wp:featuredmedia":[{"embeddable":true,"href":"https:\/\/www.ecuadortimes.net\/es\/wp-json\/wp\/v2\/media\/221127"}],"wp:attachment":[{"href":"https:\/\/www.ecuadortimes.net\/es\/wp-json\/wp\/v2\/media?parent=221126"}],"wp:term":[{"taxonomy":"category","embeddable":true,"href":"https:\/\/www.ecuadortimes.net\/es\/wp-json\/wp\/v2\/categories?post=221126"},{"taxonomy":"post_tag","embeddable":true,"href":"https:\/\/www.ecuadortimes.net\/es\/wp-json\/wp\/v2\/tags?post=221126"}],"curies":[{"name":"wp","href":"https:\/\/api.w.org\/{rel}","templated":true}]}}