{"id":221134,"date":"2013-09-30T00:00:00","date_gmt":"2013-09-30T00:00:00","guid":{"rendered":"https:\/\/www.ecuadortimes.net\/es\/china-inicia-zona-de-libre-comercio-en-shanghai\/"},"modified":"2013-09-30T00:00:00","modified_gmt":"2013-09-30T00:00:00","slug":"china-inicia-zona-de-libre-comercio-en-shanghai","status":"publish","type":"post","link":"https:\/\/www.ecuadortimes.net\/es\/china-inicia-zona-de-libre-comercio-en-shanghai\/","title":{"rendered":"China inicia zona de libre comercio en Shangh\u00e1i"},"content":{"rendered":"<p>&nbsp;<\/p>\n<div id=\"attachment_134256\" style=\"width: 310px\" class=\"wp-caption alignright\"><img aria-describedby=\"caption-attachment-134256\" loading=\"lazy\" class=\"size-medium wp-image-134256\" alt=\"Ministro de Comercio, Gao Hucheng\" src=\"https:\/\/www.ecuadortimes.net\/es\/wp-content\/uploads\/2013\/09\/Minister-of-Commerce-Gao-Hucheng2-300x225.jpg\" width=\"300\" height=\"225\" \/><p id=\"caption-attachment-134256\" class=\"wp-caption-text\">Ministro de Comercio, Gao Hucheng<\/p><\/div>\n<p><strong>Desde ayer, China dio un nuevo paso hist\u00f3rico con la apertura al mundo de su sistema econ\u00f3mico y financiero, esto lo hizo por medio de la nueva zona de libre comercio en Shangh\u00e1i, un \u00e1rea experimental llamada a revolucionar su propio peso en la econom\u00eda del mundo.<\/strong><\/p>\n<p>Despu\u00e9s de una ceremonia a la que asisti\u00f3 el ministro de Comercio, Gao Hucheng, junto con el secretario general del Partido Comunista de China (PCCh) en Shangh\u00e1i, Han Zheng, la nueva zona inici\u00f3 sus operaciones y tendr\u00e1 normas especiales distintas a las del resto del pa\u00eds, hasta por lo menos 2016.<\/p>\n<p>El Gobierno chino mantiene que la idea de esto es que por tres a\u00f1os la zona sirva para probar reformas econ\u00f3micas y un sistema de regulaciones que le permita llevar a cabo m\u00e1s pasos de apertura con \u00e9xito, as\u00ed lo explic\u00f3 Dai Haibo, subsecretario general del Gobierno de Shangh\u00e1i.<\/p>\n<p>De acuerdo con Haibo la zona servir\u00e1 como <strong>un campo experimental para ensayar reformas econ\u00f3micas<\/strong>\u009d y promover un mayor desarrollo, por medio del comercio internacional.<\/p>\n<p>&nbsp;<\/p>\n<p>&nbsp;<\/p>\n","protected":false},"excerpt":{"rendered":"<p>&nbsp; Desde ayer, China dio un nuevo paso hist\u00f3rico con la apertura al mundo de su sistema econ\u00f3mico y financiero, esto lo hizo por medio de la nueva zona de libre comercio en Shangh\u00e1i, un \u00e1rea experimental llamada a revolucionar su propio peso en la econom\u00eda del mundo. Despu\u00e9s de una ceremonia a la que asisti\u00f3 el ministro de Comercio, Gao Hucheng, junto con el secretario general del Partido Comunista de China (PCCh) en Shangh\u00e1i, Han Zheng, la nueva zona inici\u00f3 sus operaciones y tendr\u00e1 normas especiales distintas a las del resto del pa\u00eds, hasta por lo menos 2016. El Gobierno chino mantiene que la idea de esto es que por tres a\u00f1os la zona sirva para probar reformas econ\u00f3micas y un sistema de regulaciones que le permita llevar a cabo m\u00e1s pasos de apertura con \u00e9xito, as\u00ed lo explic\u00f3 Dai Haibo, subsecretario general del Gobierno de Shangh\u00e1i. De acuerdo con Haibo la zona servir\u00e1 como un campo experimental para ensayar reformas econ\u00f3micas\u009d y promover un mayor desarrollo, por medio del comercio internacional. &nbsp; &nbsp;<\/p>\n","protected":false},"author":1,"featured_media":221135,"comment_status":"open","ping_status":"open","sticky":false,"template":"","format":"standard","meta":[],"categories":[33,37],"tags":[],"_links":{"self":[{"href":"https:\/\/www.ecuadortimes.net\/es\/wp-json\/wp\/v2\/posts\/221134"}],"collection":[{"href":"https:\/\/www.ecuadortimes.net\/es\/wp-json\/wp\/v2\/posts"}],"about":[{"href":"https:\/\/www.ecuadortimes.net\/es\/wp-json\/wp\/v2\/types\/post"}],"author":[{"embeddable":true,"href":"https:\/\/www.ecuadortimes.net\/es\/wp-json\/wp\/v2\/users\/1"}],"replies":[{"embeddable":true,"href":"https:\/\/www.ecuadortimes.net\/es\/wp-json\/wp\/v2\/comments?post=221134"}],"version-history":[{"count":0,"href":"https:\/\/www.ecuadortimes.net\/es\/wp-json\/wp\/v2\/posts\/221134\/revisions"}],"wp:featuredmedia":[{"embeddable":true,"href":"https:\/\/www.ecuadortimes.net\/es\/wp-json\/wp\/v2\/media\/221135"}],"wp:attachment":[{"href":"https:\/\/www.ecuadortimes.net\/es\/wp-json\/wp\/v2\/media?parent=221134"}],"wp:term":[{"taxonomy":"category","embeddable":true,"href":"https:\/\/www.ecuadortimes.net\/es\/wp-json\/wp\/v2\/categories?post=221134"},{"taxonomy":"post_tag","embeddable":true,"href":"https:\/\/www.ecuadortimes.net\/es\/wp-json\/wp\/v2\/tags?post=221134"}],"curies":[{"name":"wp","href":"https:\/\/api.w.org\/{rel}","templated":true}]}}