{"id":221139,"date":"2013-09-30T00:00:00","date_gmt":"2013-09-30T00:00:00","guid":{"rendered":"https:\/\/www.ecuadortimes.net\/es\/papa-francisco-realiza-donacion-economica-a-los-afectados-en-mexico\/"},"modified":"2013-09-30T00:00:00","modified_gmt":"2013-09-30T00:00:00","slug":"papa-francisco-realiza-donacion-economica-a-los-afectados-en-mexico","status":"publish","type":"post","link":"https:\/\/www.ecuadortimes.net\/es\/papa-francisco-realiza-donacion-economica-a-los-afectados-en-mexico\/","title":{"rendered":"Papa Francisco realiza donaci\u00f3n econ\u00f3mica a los afectados en M\u00e9xico"},"content":{"rendered":"<p><img loading=\"lazy\" class=\" wp-image-134266 alignright\" alt=\"Screen Shot 2013-09-30 at 8.45.38\" src=\"https:\/\/www.ecuadortimes.net\/es\/wp-content\/uploads\/2013\/09\/Screen-Shot-2013-09-30-at-8.45.38.png\" width=\"269\" height=\"227\" \/>El papa argentino realiz\u00f3 una donaci\u00f3n de $100 000 a los damnificados de los ciclones Ingrid y Manuel, los cuales afectaron a toda la costa de M\u00e9xico. El Pontificio Consejo Cor Unum fue el encargado de enviar la ayuda, que ser\u00e1 distribuida por la di\u00f3cesis de las diferentes zonas afectadas.<\/p>\n<p>De acuerdo con lo dicho por la conferencia del episcopado mexicano a trav\u00e9s de un comunicado, el papa est\u00e1 &#8220;hondamente preocupado las dram\u00e1ticas consecuencias del paso de los fen\u00f3menos Ingrid y Manuel por &#8221; y expres\u00f3 su consuelo y solidaridad a M\u00e9xico&#8221;.<\/p>\n<p>El Episcopado ha destacado el trabajo de la instituci\u00f3n cat\u00f3lica desde el principio, sum\u00e1ndose a la emergencia en cuanto a desalojos, tareas de rescate y limpieza, instalaci\u00f3n de albergues y centros de acopio.<\/p>\n<p><i>&#8220;Han colectado y distribuido sin descanso y de forma permanente varias toneladas de alimentos, agua, medicinas, ropa y art\u00edculos de primera necesidad, a trav\u00e9s de catedrales, parroquias y seminarios&#8221;, se\u00f1ala.<\/i><\/p>\n","protected":false},"excerpt":{"rendered":"<p>El papa argentino realiz\u00f3 una donaci\u00f3n de $100 000 a los damnificados de los ciclones Ingrid y Manuel, los cuales afectaron a toda la costa de M\u00e9xico. El Pontificio Consejo Cor Unum fue el encargado de enviar la ayuda, que ser\u00e1 distribuida por la di\u00f3cesis de las diferentes zonas afectadas. De acuerdo con lo dicho por la conferencia del episcopado mexicano a trav\u00e9s de un comunicado, el papa est\u00e1 &#8220;hondamente preocupado las dram\u00e1ticas consecuencias del paso de los fen\u00f3menos Ingrid y Manuel por &#8221; y expres\u00f3 su consuelo y solidaridad a M\u00e9xico&#8221;. El Episcopado ha destacado el trabajo de la instituci\u00f3n cat\u00f3lica desde el principio, sum\u00e1ndose a la emergencia en cuanto a desalojos, tareas de rescate y limpieza, instalaci\u00f3n de albergues y centros de acopio. &#8220;Han colectado y distribuido sin descanso y de forma permanente varias toneladas de alimentos, agua, medicinas, ropa y art\u00edculos de primera necesidad, a trav\u00e9s de catedrales, parroquias y seminarios&#8221;, se\u00f1ala.<\/p>\n","protected":false},"author":1,"featured_media":0,"comment_status":"open","ping_status":"open","sticky":false,"template":"","format":"standard","meta":[],"categories":[36,37],"tags":[],"_links":{"self":[{"href":"https:\/\/www.ecuadortimes.net\/es\/wp-json\/wp\/v2\/posts\/221139"}],"collection":[{"href":"https:\/\/www.ecuadortimes.net\/es\/wp-json\/wp\/v2\/posts"}],"about":[{"href":"https:\/\/www.ecuadortimes.net\/es\/wp-json\/wp\/v2\/types\/post"}],"author":[{"embeddable":true,"href":"https:\/\/www.ecuadortimes.net\/es\/wp-json\/wp\/v2\/users\/1"}],"replies":[{"embeddable":true,"href":"https:\/\/www.ecuadortimes.net\/es\/wp-json\/wp\/v2\/comments?post=221139"}],"version-history":[{"count":0,"href":"https:\/\/www.ecuadortimes.net\/es\/wp-json\/wp\/v2\/posts\/221139\/revisions"}],"wp:attachment":[{"href":"https:\/\/www.ecuadortimes.net\/es\/wp-json\/wp\/v2\/media?parent=221139"}],"wp:term":[{"taxonomy":"category","embeddable":true,"href":"https:\/\/www.ecuadortimes.net\/es\/wp-json\/wp\/v2\/categories?post=221139"},{"taxonomy":"post_tag","embeddable":true,"href":"https:\/\/www.ecuadortimes.net\/es\/wp-json\/wp\/v2\/tags?post=221139"}],"curies":[{"name":"wp","href":"https:\/\/api.w.org\/{rel}","templated":true}]}}