{"id":221141,"date":"2013-09-30T00:00:00","date_gmt":"2013-09-30T00:00:00","guid":{"rendered":"https:\/\/www.ecuadortimes.net\/es\/fidel-martinez-y-junior-sornoza-a-la-seleccion-nacional-de-futbol\/"},"modified":"2013-09-30T00:00:00","modified_gmt":"2013-09-30T00:00:00","slug":"fidel-martinez-y-junior-sornoza-a-la-seleccion-nacional-de-futbol","status":"publish","type":"post","link":"https:\/\/www.ecuadortimes.net\/es\/fidel-martinez-y-junior-sornoza-a-la-seleccion-nacional-de-futbol\/","title":{"rendered":"Fidel Mart\u00ednez y Junior Sornoza a la selecci\u00f3n nacional de f\u00fatbol"},"content":{"rendered":"<p>Fidel Mart\u00ednez, J\u00fanior Sornoza y \u00c3\u0081lex Bola\u00f1os, son las principales novedades de la convocatoria de la ecuatoriana de f\u00fatbol que afrontar\u00e1 cruciales partidos de eliminatorias sudamericanas ante Uruguay el 11 de octubre en Quito y ante Chile en Santiago el 15 de octubre.<\/p>\n<p>El entrenador Reinaldo Rueda cit\u00f3 a 24 jugadores para los dos compromisos ante charr\u00faas y chilenos. Previamente, el presidente de la Federaci\u00f3n Ecuatoriana de F\u00fatbol (FEF), Luis Chiriboga, dijo que &#8220;hoy m\u00e1s que nunca pido la uni\u00f3n de todo los ecuatorianos. Todos debemos apoyar a los jugadores&#8221;.<\/p>\n<h2>N\u00f3mina de convocados:<\/h2>\n<p><b>Arqueros:<\/b><\/p>\n<p>M\u00e1ximo Banguera<\/p>\n<p>Alexander Dom\u00ednguez<\/p>\n<p>Adri\u00e1n Bone<\/p>\n<p><b>Defensas:<\/b><\/p>\n<p>Juan Carlos Paredes<\/p>\n<p>Gabriel Achilier<\/p>\n<p>Frickson Erazo<\/p>\n<p>Jorge Guagua<\/p>\n<p>Walter Ayov\u00ed<\/p>\n<p>Gabriel Corozo<\/p>\n<p>\u00c3\u0093scar Bag\u00fc\u00ed<\/p>\n<p><b>Volantes:<\/b><\/p>\n<p>Antonio Valencia<\/p>\n<p>Cristhian Noboa<\/p>\n<p>Renato Ibarra<\/p>\n<p>\u00c3\u0081lex Bola\u00f1os<\/p>\n<p>Segundo Castillo<\/p>\n<p>Edison M\u00e9ndez<\/p>\n<p>Jefferson Montero<\/p>\n<p>Joao Rojas<\/p>\n<p>Luis Saritama<\/p>\n<p>Enner Valencia<\/p>\n<p><b>Delanteros:<\/b><\/p>\n<p>Felipe Caicedo<\/p>\n<p>Jaime Ayov\u00ed<\/p>\n<p>Fidel Mart\u00ednez<\/p>\n<p>J\u00fanior Sornoza<\/p>\n","protected":false},"excerpt":{"rendered":"<p>Fidel Mart\u00ednez, J\u00fanior Sornoza y \u00c3\u0081lex Bola\u00f1os, son las principales novedades de la convocatoria de la ecuatoriana de f\u00fatbol que afrontar\u00e1 cruciales partidos de eliminatorias sudamericanas ante Uruguay el 11 de octubre en Quito y ante Chile en Santiago el 15 de octubre. El entrenador Reinaldo Rueda cit\u00f3 a 24 jugadores para los dos compromisos ante charr\u00faas y chilenos. Previamente, el presidente de la Federaci\u00f3n Ecuatoriana de F\u00fatbol (FEF), Luis Chiriboga, dijo que &#8220;hoy m\u00e1s que nunca pido la uni\u00f3n de todo los ecuatorianos. Todos debemos apoyar a los jugadores&#8221;. N\u00f3mina de convocados: Arqueros: M\u00e1ximo Banguera Alexander Dom\u00ednguez Adri\u00e1n Bone Defensas: Juan Carlos Paredes Gabriel Achilier Frickson Erazo Jorge Guagua Walter Ayov\u00ed Gabriel Corozo \u00c3\u0093scar Bag\u00fc\u00ed Volantes: Antonio Valencia Cristhian Noboa Renato Ibarra \u00c3\u0081lex Bola\u00f1os Segundo Castillo Edison M\u00e9ndez Jefferson Montero Joao Rojas Luis Saritama Enner Valencia Delanteros: Felipe Caicedo Jaime Ayov\u00ed Fidel Mart\u00ednez J\u00fanior Sornoza<\/p>\n","protected":false},"author":1,"featured_media":0,"comment_status":"open","ping_status":"open","sticky":false,"template":"","format":"standard","meta":[],"categories":[38,37],"tags":[],"_links":{"self":[{"href":"https:\/\/www.ecuadortimes.net\/es\/wp-json\/wp\/v2\/posts\/221141"}],"collection":[{"href":"https:\/\/www.ecuadortimes.net\/es\/wp-json\/wp\/v2\/posts"}],"about":[{"href":"https:\/\/www.ecuadortimes.net\/es\/wp-json\/wp\/v2\/types\/post"}],"author":[{"embeddable":true,"href":"https:\/\/www.ecuadortimes.net\/es\/wp-json\/wp\/v2\/users\/1"}],"replies":[{"embeddable":true,"href":"https:\/\/www.ecuadortimes.net\/es\/wp-json\/wp\/v2\/comments?post=221141"}],"version-history":[{"count":0,"href":"https:\/\/www.ecuadortimes.net\/es\/wp-json\/wp\/v2\/posts\/221141\/revisions"}],"wp:attachment":[{"href":"https:\/\/www.ecuadortimes.net\/es\/wp-json\/wp\/v2\/media?parent=221141"}],"wp:term":[{"taxonomy":"category","embeddable":true,"href":"https:\/\/www.ecuadortimes.net\/es\/wp-json\/wp\/v2\/categories?post=221141"},{"taxonomy":"post_tag","embeddable":true,"href":"https:\/\/www.ecuadortimes.net\/es\/wp-json\/wp\/v2\/tags?post=221141"}],"curies":[{"name":"wp","href":"https:\/\/api.w.org\/{rel}","templated":true}]}}