{"id":221144,"date":"2013-10-01T00:00:00","date_gmt":"2013-10-01T00:00:00","guid":{"rendered":"https:\/\/www.ecuadortimes.net\/es\/la-onu-advierte-que-el-clima-sera-cada-vez-mas-extremo\/"},"modified":"2013-10-01T00:00:00","modified_gmt":"2013-10-01T00:00:00","slug":"la-onu-advierte-que-el-clima-sera-cada-vez-mas-extremo","status":"publish","type":"post","link":"https:\/\/www.ecuadortimes.net\/es\/la-onu-advierte-que-el-clima-sera-cada-vez-mas-extremo\/","title":{"rendered":"La ONU advierte que el clima ser\u00e1 cada vez mas extremo"},"content":{"rendered":"<p><strong><a href=\"http:\/\/www.ecuadortimes.net\/es\/wp-content\/uploads\/2013\/10\/onu.jpg\"><img loading=\"lazy\" class=\"size-full wp-image-134285 alignright\" alt=\"onu\" src=\"https:\/\/www.ecuadortimes.net\/es\/wp-content\/uploads\/2013\/10\/onu.jpg\" width=\"340\" height=\"256\" \/><\/a>La primera parte del informe del Panel Intergubernamental sobre Cambio Clim\u00e1tico (IPCC, en sus siglas en ingl\u00e9s) de las Naciones Unidas, que fue presentado ayer en su versi\u00f3n extendida, indica que hacia finales del siglo el clima se volver\u00e1 m\u00e1s extremo en varias partes del mundo.<\/strong><\/p>\n<p>La primera parte de este informe sobre el clima trata sobre las bases cient\u00edficas del cambio clim\u00e1tico, para ello, 259 autores evaluaron en los \u00faltimos cuatro a\u00f1os miles de estudios, mientras que la segunda y la tercera parte se ocupan sobre los efectos del cambio clim\u00e1tico, las posibilidades pol\u00edticas de frenarlo y ser\u00e1n presentadas en el 2014 en Jap\u00f3n y Berl\u00edn.<\/p>\n<p>En el documento se determin\u00f3 que Norteam\u00e9rica deber\u00e1 estar preparada para m\u00e1s inundaciones a causa de fuertes huracanes, mientras que en la costa este de \u00c3\u0081frica y en varias partes de Asia se registrar\u00e1n fuertes lluvias, y sequ\u00edas en el sur de \u00c3\u0081frica.<\/p>\n<p>El pasado viernes, los expertos del IPCC tambi\u00e9n indicaron que el cambio clim\u00e1tico ser\u00e1 m\u00e1s dr\u00e1stico a futuro, pues las capas de hielo ser\u00e1n m\u00e1s delgadas en todo el mundo.<\/p>\n<p>&#8220;Observamos en el \u00c3\u0081rtico un derretimiento que no hubo antes, y no estamos hablando de un par de a\u00f1os, sino de una tendencia a largo plazo&#8221;, se\u00f1ala Thomas Stocker, autor principal coordinador del grupo de trabajo 1.<\/p>\n<p>La IPCC concluye que la principal causa del calentamiento global es la acci\u00f3n del hombre.<\/p>\n","protected":false},"excerpt":{"rendered":"<p>La primera parte del informe del Panel Intergubernamental sobre Cambio Clim\u00e1tico (IPCC, en sus siglas en ingl\u00e9s) de las Naciones Unidas, que fue presentado ayer en su versi\u00f3n extendida, indica que hacia finales del siglo el clima se volver\u00e1 m\u00e1s extremo en varias partes del mundo. La primera parte de este informe sobre el clima trata sobre las bases cient\u00edficas del cambio clim\u00e1tico, para ello, 259 autores evaluaron en los \u00faltimos cuatro a\u00f1os miles de estudios, mientras que la segunda y la tercera parte se ocupan sobre los efectos del cambio clim\u00e1tico, las posibilidades pol\u00edticas de frenarlo y ser\u00e1n presentadas en el 2014 en Jap\u00f3n y Berl\u00edn. En el documento se determin\u00f3 que Norteam\u00e9rica deber\u00e1 estar preparada para m\u00e1s inundaciones a causa de fuertes huracanes, mientras que en la costa este de \u00c3\u0081frica y en varias partes de Asia se registrar\u00e1n fuertes lluvias, y sequ\u00edas en el sur de \u00c3\u0081frica. El pasado viernes, los expertos del IPCC tambi\u00e9n indicaron que el cambio clim\u00e1tico ser\u00e1 m\u00e1s dr\u00e1stico a futuro, pues las capas de hielo ser\u00e1n m\u00e1s delgadas en todo el mundo. &#8220;Observamos en el \u00c3\u0081rtico un derretimiento que no hubo antes, y no estamos hablando de un par de a\u00f1os, sino de una tendencia a largo plazo&#8221;, se\u00f1ala Thomas Stocker, autor principal coordinador del grupo de trabajo 1. La IPCC concluye que la principal causa del calentamiento global es la acci\u00f3n del hombre.<\/p>\n","protected":false},"author":1,"featured_media":221145,"comment_status":"open","ping_status":"open","sticky":false,"template":"","format":"standard","meta":[],"categories":[36,37],"tags":[],"_links":{"self":[{"href":"https:\/\/www.ecuadortimes.net\/es\/wp-json\/wp\/v2\/posts\/221144"}],"collection":[{"href":"https:\/\/www.ecuadortimes.net\/es\/wp-json\/wp\/v2\/posts"}],"about":[{"href":"https:\/\/www.ecuadortimes.net\/es\/wp-json\/wp\/v2\/types\/post"}],"author":[{"embeddable":true,"href":"https:\/\/www.ecuadortimes.net\/es\/wp-json\/wp\/v2\/users\/1"}],"replies":[{"embeddable":true,"href":"https:\/\/www.ecuadortimes.net\/es\/wp-json\/wp\/v2\/comments?post=221144"}],"version-history":[{"count":0,"href":"https:\/\/www.ecuadortimes.net\/es\/wp-json\/wp\/v2\/posts\/221144\/revisions"}],"wp:featuredmedia":[{"embeddable":true,"href":"https:\/\/www.ecuadortimes.net\/es\/wp-json\/wp\/v2\/media\/221145"}],"wp:attachment":[{"href":"https:\/\/www.ecuadortimes.net\/es\/wp-json\/wp\/v2\/media?parent=221144"}],"wp:term":[{"taxonomy":"category","embeddable":true,"href":"https:\/\/www.ecuadortimes.net\/es\/wp-json\/wp\/v2\/categories?post=221144"},{"taxonomy":"post_tag","embeddable":true,"href":"https:\/\/www.ecuadortimes.net\/es\/wp-json\/wp\/v2\/tags?post=221144"}],"curies":[{"name":"wp","href":"https:\/\/api.w.org\/{rel}","templated":true}]}}