{"id":221152,"date":"2013-10-01T00:00:00","date_gmt":"2013-10-01T00:00:00","guid":{"rendered":"https:\/\/www.ecuadortimes.net\/es\/amplian-plazo-para-empresas-de-transgenicos\/"},"modified":"2013-10-01T00:00:00","modified_gmt":"2013-10-01T00:00:00","slug":"amplian-plazo-para-empresas-de-transgenicos","status":"publish","type":"post","link":"https:\/\/www.ecuadortimes.net\/es\/amplian-plazo-para-empresas-de-transgenicos\/","title":{"rendered":"Ampl\u00edan plazo para empresas de transg\u00e9nicos"},"content":{"rendered":"<div id=\"attachment_134298\" style=\"width: 310px\" class=\"wp-caption alignleft\"><img aria-describedby=\"caption-attachment-134298\" loading=\"lazy\" class=\"size-medium wp-image-134298\" alt=\"Ramiro Gonz\u00e1lez\" src=\"https:\/\/www.ecuadortimes.net\/es\/wp-content\/uploads\/2013\/10\/Ramiro-Gonzalez-300x225.jpg\" width=\"300\" height=\"225\" \/><p id=\"caption-attachment-134298\" class=\"wp-caption-text\">Ramiro Gonz\u00e1lez<\/p><\/div>\n<p><strong>El periodo para que las empresas que comercializan alimentos coloquen en sus etiquetas si el producto es de origen transg\u00e9nico, se ampliar\u00e1 por seis meses.<\/strong><\/p>\n<p>Ramiro Gonz\u00e1lez, el ministro de Industrias, hizo el anuncio durante la firma de un convenio con la Federaci\u00f3n Ecuatoriana de la Industria del Metal (Fedimental).<\/p>\n<p>La Superintendencia de Control de Poder del Mercado emiti\u00f3 la Resoluci\u00f3n 001, indic\u00f3 el pasado 11 de septiembre, que establece un plazo de 60 d\u00edas las comercializadoras de alimentos y bebidas a escala nacional para colocar las etiquetas con la leyenda <strong>contiene componente transg\u00e9nico<\/strong>\u009d o <strong>no contiene componente transg\u00e9nico<\/strong>\u009d.<\/p>\n<p>El anuncio de Gonz\u00e1lez aclar\u00f3 que dicha norma se aplicar\u00e1 \u00fanicamente para los productos que son elaborados con material gen\u00e9ticamente modificado. Este cambio fue hecho la semana pasada por el ministro coordinador de la Producci\u00f3n, Richard Espinosa.<\/p>\n","protected":false},"excerpt":{"rendered":"<p>El periodo para que las empresas que comercializan alimentos coloquen en sus etiquetas si el producto es de origen transg\u00e9nico, se ampliar\u00e1 por seis meses. Ramiro Gonz\u00e1lez, el ministro de Industrias, hizo el anuncio durante la firma de un convenio con la Federaci\u00f3n Ecuatoriana de la Industria del Metal (Fedimental). La Superintendencia de Control de Poder del Mercado emiti\u00f3 la Resoluci\u00f3n 001, indic\u00f3 el pasado 11 de septiembre, que establece un plazo de 60 d\u00edas las comercializadoras de alimentos y bebidas a escala nacional para colocar las etiquetas con la leyenda contiene componente transg\u00e9nico\u009d o no contiene componente transg\u00e9nico\u009d. El anuncio de Gonz\u00e1lez aclar\u00f3 que dicha norma se aplicar\u00e1 \u00fanicamente para los productos que son elaborados con material gen\u00e9ticamente modificado. Este cambio fue hecho la semana pasada por el ministro coordinador de la Producci\u00f3n, Richard Espinosa.<\/p>\n","protected":false},"author":1,"featured_media":221153,"comment_status":"open","ping_status":"open","sticky":false,"template":"","format":"standard","meta":[],"categories":[43,37],"tags":[],"_links":{"self":[{"href":"https:\/\/www.ecuadortimes.net\/es\/wp-json\/wp\/v2\/posts\/221152"}],"collection":[{"href":"https:\/\/www.ecuadortimes.net\/es\/wp-json\/wp\/v2\/posts"}],"about":[{"href":"https:\/\/www.ecuadortimes.net\/es\/wp-json\/wp\/v2\/types\/post"}],"author":[{"embeddable":true,"href":"https:\/\/www.ecuadortimes.net\/es\/wp-json\/wp\/v2\/users\/1"}],"replies":[{"embeddable":true,"href":"https:\/\/www.ecuadortimes.net\/es\/wp-json\/wp\/v2\/comments?post=221152"}],"version-history":[{"count":0,"href":"https:\/\/www.ecuadortimes.net\/es\/wp-json\/wp\/v2\/posts\/221152\/revisions"}],"wp:featuredmedia":[{"embeddable":true,"href":"https:\/\/www.ecuadortimes.net\/es\/wp-json\/wp\/v2\/media\/221153"}],"wp:attachment":[{"href":"https:\/\/www.ecuadortimes.net\/es\/wp-json\/wp\/v2\/media?parent=221152"}],"wp:term":[{"taxonomy":"category","embeddable":true,"href":"https:\/\/www.ecuadortimes.net\/es\/wp-json\/wp\/v2\/categories?post=221152"},{"taxonomy":"post_tag","embeddable":true,"href":"https:\/\/www.ecuadortimes.net\/es\/wp-json\/wp\/v2\/tags?post=221152"}],"curies":[{"name":"wp","href":"https:\/\/api.w.org\/{rel}","templated":true}]}}