{"id":221165,"date":"2013-10-01T00:00:00","date_gmt":"2013-10-01T00:00:00","guid":{"rendered":"https:\/\/www.ecuadortimes.net\/es\/inicia-demolicion-del-edificio-del-magap\/"},"modified":"2013-10-01T00:00:00","modified_gmt":"2013-10-01T00:00:00","slug":"inicia-demolicion-del-edificio-del-magap","status":"publish","type":"post","link":"https:\/\/www.ecuadortimes.net\/es\/inicia-demolicion-del-edificio-del-magap\/","title":{"rendered":"Inicia demolici\u00f3n del edificio del Magap"},"content":{"rendered":"<div id=\"attachment_134332\" style=\"width: 310px\" class=\"wp-caption alignleft\"><a href=\"http:\/\/www.ecuadortimes.net\/es\/wp-content\/uploads\/2013\/10\/magap.jpg\"><img aria-describedby=\"caption-attachment-134332\" loading=\"lazy\" class=\"size-medium wp-image-134332\" alt=\"Ministerio de Agricultura\" src=\"https:\/\/www.ecuadortimes.net\/es\/wp-content\/uploads\/2013\/10\/magap-300x225.jpg\" width=\"300\" height=\"225\" \/><\/a><p id=\"caption-attachment-134332\" class=\"wp-caption-text\">Ministerio de Agricultura<\/p><\/div>\n<p><strong>El proceso de demolici\u00f3n del antiguo edificio del Ministerio de Agricultura (Magap), ubicado entre las avenidas Quito y Machala, empez\u00f3 hoy a cargo del consorcio Tecnovias Padko y tendr\u00e1 una duraci\u00f3n de ocho meses.<\/strong><\/p>\n<p>La gobernadora Viviana Bonilla indic\u00f3 que el costo de los trabajos de demolici\u00f3n es de $\u00a03 900 000 incluido el IVA y \u00a0agreg\u00f3 que se colocar\u00e1 una cerca met\u00e1lica, cuya construcci\u00f3n tomar\u00e1 dos semanas. \u00a0Luego de ese periodo se demoler\u00e1 en primer lugar el auditorio y\u00a0 despu\u00e9s cada piso.<\/p>\n<p><strong>&#8220;Tenemos que ir regando agua todo el tiempo para evitar que el polvo salga al exterior y minimizar al m\u00e1ximo cualquier efecto que pueda causar la demolici\u00f3n, y hemos pensado en la seguridad de los moradores y trabajadores&#8221;<\/strong>, dijo la coordinadora de \u00a0Gesti\u00f3n Inmobiliaria, Mar\u00eda Fernanda del Pozo.<\/p>\n<p>Del Pozo indic\u00f3 que el cerramiento tendr\u00e1 una altura de 2,20\u00a0metros\u00a0para evitar que ingresen al predio personas ajenas al proceso y que adem\u00e1s habr\u00e1 vigilancia las 24 horas del d\u00eda.<\/p>\n<p>Bonilla detall\u00f3 que en el lugar se construir\u00e1 un parque en cuanto logre declararse el \u00e1rea como apta para la utilidad p\u00fablica. Explic\u00f3 adem\u00e1s que en este caso no se discute la expropiaci\u00f3n sino que una vez inscrita la declaratoria en el Registro de\u00a0la Propiedad, \u00a0los terrenos pertenecen al gobierno central, y se discute un valor justo a pagar por el predio.<\/p>\n","protected":false},"excerpt":{"rendered":"<p>El proceso de demolici\u00f3n del antiguo edificio del Ministerio de Agricultura (Magap), ubicado entre las avenidas Quito y Machala, empez\u00f3 hoy a cargo del consorcio Tecnovias Padko y tendr\u00e1 una duraci\u00f3n de ocho meses. La gobernadora Viviana Bonilla indic\u00f3 que el costo de los trabajos de demolici\u00f3n es de $\u00a03 900 000 incluido el IVA y \u00a0agreg\u00f3 que se colocar\u00e1 una cerca met\u00e1lica, cuya construcci\u00f3n tomar\u00e1 dos semanas. \u00a0Luego de ese periodo se demoler\u00e1 en primer lugar el auditorio y\u00a0 despu\u00e9s cada piso. &#8220;Tenemos que ir regando agua todo el tiempo para evitar que el polvo salga al exterior y minimizar al m\u00e1ximo cualquier efecto que pueda causar la demolici\u00f3n, y hemos pensado en la seguridad de los moradores y trabajadores&#8221;, dijo la coordinadora de \u00a0Gesti\u00f3n Inmobiliaria, Mar\u00eda Fernanda del Pozo. Del Pozo indic\u00f3 que el cerramiento tendr\u00e1 una altura de 2,20\u00a0metros\u00a0para evitar que ingresen al predio personas ajenas al proceso y que adem\u00e1s habr\u00e1 vigilancia las 24 horas del d\u00eda. Bonilla detall\u00f3 que en el lugar se construir\u00e1 un parque en cuanto logre declararse el \u00e1rea como apta para la utilidad p\u00fablica. Explic\u00f3 adem\u00e1s que en este caso no se discute la expropiaci\u00f3n sino que una vez inscrita la declaratoria en el Registro de\u00a0la Propiedad, \u00a0los terrenos pertenecen al gobierno central, y se discute un valor justo a pagar por el predio.<\/p>\n","protected":false},"author":1,"featured_media":221166,"comment_status":"open","ping_status":"open","sticky":false,"template":"","format":"standard","meta":[],"categories":[32,40,37],"tags":[],"_links":{"self":[{"href":"https:\/\/www.ecuadortimes.net\/es\/wp-json\/wp\/v2\/posts\/221165"}],"collection":[{"href":"https:\/\/www.ecuadortimes.net\/es\/wp-json\/wp\/v2\/posts"}],"about":[{"href":"https:\/\/www.ecuadortimes.net\/es\/wp-json\/wp\/v2\/types\/post"}],"author":[{"embeddable":true,"href":"https:\/\/www.ecuadortimes.net\/es\/wp-json\/wp\/v2\/users\/1"}],"replies":[{"embeddable":true,"href":"https:\/\/www.ecuadortimes.net\/es\/wp-json\/wp\/v2\/comments?post=221165"}],"version-history":[{"count":0,"href":"https:\/\/www.ecuadortimes.net\/es\/wp-json\/wp\/v2\/posts\/221165\/revisions"}],"wp:featuredmedia":[{"embeddable":true,"href":"https:\/\/www.ecuadortimes.net\/es\/wp-json\/wp\/v2\/media\/221166"}],"wp:attachment":[{"href":"https:\/\/www.ecuadortimes.net\/es\/wp-json\/wp\/v2\/media?parent=221165"}],"wp:term":[{"taxonomy":"category","embeddable":true,"href":"https:\/\/www.ecuadortimes.net\/es\/wp-json\/wp\/v2\/categories?post=221165"},{"taxonomy":"post_tag","embeddable":true,"href":"https:\/\/www.ecuadortimes.net\/es\/wp-json\/wp\/v2\/tags?post=221165"}],"curies":[{"name":"wp","href":"https:\/\/api.w.org\/{rel}","templated":true}]}}