{"id":221169,"date":"2013-10-02T00:00:00","date_gmt":"2013-10-02T00:00:00","guid":{"rendered":"https:\/\/www.ecuadortimes.net\/es\/estados-unidos-sin-fondos-por-culpa-de-los-republicanos-segun-obama\/"},"modified":"2013-10-02T00:00:00","modified_gmt":"2013-10-02T00:00:00","slug":"estados-unidos-sin-fondos-por-culpa-de-los-republicanos-segun-obama","status":"publish","type":"post","link":"https:\/\/www.ecuadortimes.net\/es\/estados-unidos-sin-fondos-por-culpa-de-los-republicanos-segun-obama\/","title":{"rendered":"Estados Unidos sin fondos por culpa de los Republicanos seg\u00fan Obama"},"content":{"rendered":"<div id=\"attachment_134343\" style=\"width: 310px\" class=\"wp-caption alignleft\"><img aria-describedby=\"caption-attachment-134343\" loading=\"lazy\" class=\"size-medium wp-image-134343\" alt=\"Cierra el gobierno de Estados Unidos \" src=\"https:\/\/www.ecuadortimes.net\/es\/wp-content\/uploads\/2013\/10\/US-government-closed-300x225.jpg\" width=\"300\" height=\"225\" \/><p id=\"caption-attachment-134343\" class=\"wp-caption-text\">Cierra el gobierno de Estados Unidos<\/p><\/div>\n<p><b>Alrededor de 800 mil empleados federales est\u00e1n temporalmente desocupados y sin sueldo desde ayer. Esto surgi\u00f3 ante la primera paralizaci\u00f3n parcial del gobierno de Estados Unidos en 17 a\u00f1os, evento que ocurri\u00f3 por el enfrentamiento entre el presidente Barack Obama y los republicanos del Congreso sobre las reformas de salud.<\/b><\/p>\n<p>Por medio de una ley para financiar las tareas gubernamentales, el Congreso bloque\u00f3 ayer la mayor\u00eda de operaciones y servicios por falta de fondos.<\/p>\n<p>Obama acus\u00f3 a los republicanos de efectuar una <b>cruzada ideol\u00f3gica<\/b>\u009d contra su ley de seguro de salud, la que obliga a empresas a pagar seguros de salud a sus empleados y prev\u00e9 ayudas del gobierno a las personas que no tienen dinero para pagarse uno.<\/p>\n<p>Obama hizo un llamado a los republicanos a <b>reabrir<\/b>\u009d la Administraci\u00f3n federal, debido a que muchas de sus actividades est\u00e1n paralizadas desde el martes pasado por falta de fondos. Obama alert\u00f3 que mientras m\u00e1s dure ese cierre, <b>peores<\/b>\u009d ser\u00e1n sus efectos.<\/p>\n<p>De acuerdo con Obama, dicho cierre &#8220;<b>no tiene que ver con los d\u00e9ficit ni con el presupuesto. Tiene que ver con torpedear nuestros esfuerzos para proveer de seguro de salud a los que no lo tienen<\/b>&#8220;.<\/p>\n<p>&nbsp;<\/p>\n<p>&nbsp;<\/p>\n","protected":false},"excerpt":{"rendered":"<p>Alrededor de 800 mil empleados federales est\u00e1n temporalmente desocupados y sin sueldo desde ayer. Esto surgi\u00f3 ante la primera paralizaci\u00f3n parcial del gobierno de Estados Unidos en 17 a\u00f1os, evento que ocurri\u00f3 por el enfrentamiento entre el presidente Barack Obama y los republicanos del Congreso sobre las reformas de salud. Por medio de una ley para financiar las tareas gubernamentales, el Congreso bloque\u00f3 ayer la mayor\u00eda de operaciones y servicios por falta de fondos. Obama acus\u00f3 a los republicanos de efectuar una cruzada ideol\u00f3gica\u009d contra su ley de seguro de salud, la que obliga a empresas a pagar seguros de salud a sus empleados y prev\u00e9 ayudas del gobierno a las personas que no tienen dinero para pagarse uno. Obama hizo un llamado a los republicanos a reabrir\u009d la Administraci\u00f3n federal, debido a que muchas de sus actividades est\u00e1n paralizadas desde el martes pasado por falta de fondos. Obama alert\u00f3 que mientras m\u00e1s dure ese cierre, peores\u009d ser\u00e1n sus efectos. De acuerdo con Obama, dicho cierre &#8220;no tiene que ver con los d\u00e9ficit ni con el presupuesto. Tiene que ver con torpedear nuestros esfuerzos para proveer de seguro de salud a los que no lo tienen&#8220;. &nbsp; &nbsp;<\/p>\n","protected":false},"author":1,"featured_media":221170,"comment_status":"open","ping_status":"open","sticky":false,"template":"","format":"standard","meta":[],"categories":[34,37],"tags":[],"_links":{"self":[{"href":"https:\/\/www.ecuadortimes.net\/es\/wp-json\/wp\/v2\/posts\/221169"}],"collection":[{"href":"https:\/\/www.ecuadortimes.net\/es\/wp-json\/wp\/v2\/posts"}],"about":[{"href":"https:\/\/www.ecuadortimes.net\/es\/wp-json\/wp\/v2\/types\/post"}],"author":[{"embeddable":true,"href":"https:\/\/www.ecuadortimes.net\/es\/wp-json\/wp\/v2\/users\/1"}],"replies":[{"embeddable":true,"href":"https:\/\/www.ecuadortimes.net\/es\/wp-json\/wp\/v2\/comments?post=221169"}],"version-history":[{"count":0,"href":"https:\/\/www.ecuadortimes.net\/es\/wp-json\/wp\/v2\/posts\/221169\/revisions"}],"wp:featuredmedia":[{"embeddable":true,"href":"https:\/\/www.ecuadortimes.net\/es\/wp-json\/wp\/v2\/media\/221170"}],"wp:attachment":[{"href":"https:\/\/www.ecuadortimes.net\/es\/wp-json\/wp\/v2\/media?parent=221169"}],"wp:term":[{"taxonomy":"category","embeddable":true,"href":"https:\/\/www.ecuadortimes.net\/es\/wp-json\/wp\/v2\/categories?post=221169"},{"taxonomy":"post_tag","embeddable":true,"href":"https:\/\/www.ecuadortimes.net\/es\/wp-json\/wp\/v2\/tags?post=221169"}],"curies":[{"name":"wp","href":"https:\/\/api.w.org\/{rel}","templated":true}]}}