{"id":221177,"date":"2013-10-02T00:00:00","date_gmt":"2013-10-02T00:00:00","guid":{"rendered":"https:\/\/www.ecuadortimes.net\/es\/prision-preventiva-para-3-acusados-de-delito-de-lesa-humanidad\/"},"modified":"2013-10-02T00:00:00","modified_gmt":"2013-10-02T00:00:00","slug":"prision-preventiva-para-3-acusados-de-delito-de-lesa-humanidad","status":"publish","type":"post","link":"https:\/\/www.ecuadortimes.net\/es\/prision-preventiva-para-3-acusados-de-delito-de-lesa-humanidad\/","title":{"rendered":"Prisi\u00f3n preventiva para 3 acusados de delito de lesa humanidad"},"content":{"rendered":"<p><strong><a href=\"http:\/\/www.ecuadortimes.net\/es\/wp-content\/uploads\/2013\/10\/prision.jpg\"><img loading=\"lazy\" class=\"alignleft size-full wp-image-134354\" alt=\"prision\" src=\"https:\/\/www.ecuadortimes.net\/es\/wp-content\/uploads\/2013\/10\/prision.jpg\" width=\"340\" height=\"256\" \/><\/a>Diez oficiales en servicio pasivo, deber\u00e1n afrontar cargos por varios delitos de lesa humanidad, entre ellos violencia sexual y desaparici\u00f3n forzada contra Luis Vaca, Susana Cajas y Javier Jarr\u00edn, exintegrantes del grupo subversivo Alfaro Vive Carajo (AVC).<\/strong><\/p>\n<p>Esto se determin\u00f3 en la audiencia de formulaci\u00f3n, que concluy\u00f3 con el inicio de instrucci\u00f3n fiscal de 90 d\u00edas en contra de todos los procesados.<\/p>\n<p>Lucy Blacio, jueza ponente,\u00a0 dict\u00f3 prisi\u00f3n preventiva para el general de la Polic\u00eda E.V.V.; general del Ej\u00e9rcito L.P.R.; y, coronel F. R.V.<\/p>\n<p>El resto de los acusados, excepto el general de divisi\u00f3n C. J. J, tendr\u00e1n arresto domiciliario, pero todos tienen prohibici\u00f3n de enajenar bienes hasta que la justicia decida el monto de indemnizaciones para los afectados.<\/p>\n<p>Al momento E.V y L.P. est\u00e1n fuera del pa\u00eds, y el fiscal interpret\u00f3 que se encuentran pr\u00f3fugos. La prisi\u00f3n preventiva abrir\u00e1 la posibilidad de aplicar cualquier mecanismo para que regresen al pa\u00eds y enfrenten el proceso.<\/p>\n<p>Los abogados defensores de los oficiales acusados apelaron la prisi\u00f3n preventiva, pero esta no fue escuchada.<\/p>\n","protected":false},"excerpt":{"rendered":"<p>Diez oficiales en servicio pasivo, deber\u00e1n afrontar cargos por varios delitos de lesa humanidad, entre ellos violencia sexual y desaparici\u00f3n forzada contra Luis Vaca, Susana Cajas y Javier Jarr\u00edn, exintegrantes del grupo subversivo Alfaro Vive Carajo (AVC). Esto se determin\u00f3 en la audiencia de formulaci\u00f3n, que concluy\u00f3 con el inicio de instrucci\u00f3n fiscal de 90 d\u00edas en contra de todos los procesados. Lucy Blacio, jueza ponente,\u00a0 dict\u00f3 prisi\u00f3n preventiva para el general de la Polic\u00eda E.V.V.; general del Ej\u00e9rcito L.P.R.; y, coronel F. R.V. El resto de los acusados, excepto el general de divisi\u00f3n C. J. J, tendr\u00e1n arresto domiciliario, pero todos tienen prohibici\u00f3n de enajenar bienes hasta que la justicia decida el monto de indemnizaciones para los afectados. Al momento E.V y L.P. est\u00e1n fuera del pa\u00eds, y el fiscal interpret\u00f3 que se encuentran pr\u00f3fugos. La prisi\u00f3n preventiva abrir\u00e1 la posibilidad de aplicar cualquier mecanismo para que regresen al pa\u00eds y enfrenten el proceso. Los abogados defensores de los oficiales acusados apelaron la prisi\u00f3n preventiva, pero esta no fue escuchada.<\/p>\n","protected":false},"author":1,"featured_media":221178,"comment_status":"open","ping_status":"open","sticky":false,"template":"","format":"standard","meta":[],"categories":[40,37],"tags":[],"_links":{"self":[{"href":"https:\/\/www.ecuadortimes.net\/es\/wp-json\/wp\/v2\/posts\/221177"}],"collection":[{"href":"https:\/\/www.ecuadortimes.net\/es\/wp-json\/wp\/v2\/posts"}],"about":[{"href":"https:\/\/www.ecuadortimes.net\/es\/wp-json\/wp\/v2\/types\/post"}],"author":[{"embeddable":true,"href":"https:\/\/www.ecuadortimes.net\/es\/wp-json\/wp\/v2\/users\/1"}],"replies":[{"embeddable":true,"href":"https:\/\/www.ecuadortimes.net\/es\/wp-json\/wp\/v2\/comments?post=221177"}],"version-history":[{"count":0,"href":"https:\/\/www.ecuadortimes.net\/es\/wp-json\/wp\/v2\/posts\/221177\/revisions"}],"wp:featuredmedia":[{"embeddable":true,"href":"https:\/\/www.ecuadortimes.net\/es\/wp-json\/wp\/v2\/media\/221178"}],"wp:attachment":[{"href":"https:\/\/www.ecuadortimes.net\/es\/wp-json\/wp\/v2\/media?parent=221177"}],"wp:term":[{"taxonomy":"category","embeddable":true,"href":"https:\/\/www.ecuadortimes.net\/es\/wp-json\/wp\/v2\/categories?post=221177"},{"taxonomy":"post_tag","embeddable":true,"href":"https:\/\/www.ecuadortimes.net\/es\/wp-json\/wp\/v2\/tags?post=221177"}],"curies":[{"name":"wp","href":"https:\/\/api.w.org\/{rel}","templated":true}]}}