{"id":221186,"date":"2013-10-02T00:00:00","date_gmt":"2013-10-02T00:00:00","guid":{"rendered":"https:\/\/www.ecuadortimes.net\/es\/estados-unidos-expulso-tres-diplomaticos-venezolanos-en-accion-reciproca\/"},"modified":"2013-10-02T00:00:00","modified_gmt":"2013-10-02T00:00:00","slug":"estados-unidos-expulso-tres-diplomaticos-venezolanos-en-accion-reciproca","status":"publish","type":"post","link":"https:\/\/www.ecuadortimes.net\/es\/estados-unidos-expulso-tres-diplomaticos-venezolanos-en-accion-reciproca\/","title":{"rendered":"Estados Unidos expuls\u00f3 tres diplom\u00e1ticos venezolanos en acci\u00f3n rec\u00edproca"},"content":{"rendered":"<div id=\"attachment_134384\" style=\"width: 310px\" class=\"wp-caption alignleft\"><a href=\"http:\/\/www.ecuadortimes.net\/es\/wp-content\/uploads\/2013\/10\/Embajada-Venezuela.jpg\"><img aria-describedby=\"caption-attachment-134384\" loading=\"lazy\" class=\"size-medium wp-image-134384\" alt=\"Embajada de Venezuela \" src=\"https:\/\/www.ecuadortimes.net\/es\/wp-content\/uploads\/2013\/10\/Embajada-Venezuela-300x225.jpg\" width=\"300\" height=\"225\" \/><\/a><p id=\"caption-attachment-134384\" class=\"wp-caption-text\">Embajada de Venezuela<\/p><\/div>\n<p><strong>El Departamento de Estado los declar\u00f3 ayer como personas no gratas y les dio un plazo de 48 horas para abandonar el pa\u00eds, a la vez que dijo que\u00a0es lamentable que el gobierno venezolano haya de nuevo decidido expulsar funcionarios diplom\u00e1ticos con base en versiones infundadas, algo que requiere acci\u00f3n rec\u00edproca\u009d.<\/strong><\/p>\n<p><strong><\/strong>Los funcionarios expulsados son Calixto Ortega, encargado de negocios y m\u00e1ximo funcionario de la embajada venezolana en Washington;\u00a0M\u00f3nica Alejandra S\u00e1nchez Morales,\u00a0segunda secretaria de la embajada; y la c\u00f3nsul en Houston, Marisol Guti\u00e9rrez.\u00a0El gobierno venezolano repudi\u00f3 anoche la decisi\u00f3n.<\/p>\n<p>Estados Unidos neg\u00f3 las acusaciones del presidente venezolano, Nicol\u00e1s Maduro, de que diplom\u00e1ticos acreditados en Caracas se habr\u00edan reunido con la oposici\u00f3n para desestabilizar a su gobierno, lo que origin\u00f3 que\u00a0una nota diplom\u00e1tica en la que se declar\u00f3 como personas no gratas a la encargada de negocios, Kelly Keiderling, y a los funcionarios Elizabeth Hoffman y David Moo.<\/p>\n","protected":false},"excerpt":{"rendered":"<p>El Departamento de Estado los declar\u00f3 ayer como personas no gratas y les dio un plazo de 48 horas para abandonar el pa\u00eds, a la vez que dijo que\u00a0es lamentable que el gobierno venezolano haya de nuevo decidido expulsar funcionarios diplom\u00e1ticos con base en versiones infundadas, algo que requiere acci\u00f3n rec\u00edproca\u009d. Los funcionarios expulsados son Calixto Ortega, encargado de negocios y m\u00e1ximo funcionario de la embajada venezolana en Washington;\u00a0M\u00f3nica Alejandra S\u00e1nchez Morales,\u00a0segunda secretaria de la embajada; y la c\u00f3nsul en Houston, Marisol Guti\u00e9rrez.\u00a0El gobierno venezolano repudi\u00f3 anoche la decisi\u00f3n. Estados Unidos neg\u00f3 las acusaciones del presidente venezolano, Nicol\u00e1s Maduro, de que diplom\u00e1ticos acreditados en Caracas se habr\u00edan reunido con la oposici\u00f3n para desestabilizar a su gobierno, lo que origin\u00f3 que\u00a0una nota diplom\u00e1tica en la que se declar\u00f3 como personas no gratas a la encargada de negocios, Kelly Keiderling, y a los funcionarios Elizabeth Hoffman y David Moo.<\/p>\n","protected":false},"author":1,"featured_media":221187,"comment_status":"open","ping_status":"open","sticky":false,"template":"","format":"standard","meta":[],"categories":[34,37],"tags":[],"_links":{"self":[{"href":"https:\/\/www.ecuadortimes.net\/es\/wp-json\/wp\/v2\/posts\/221186"}],"collection":[{"href":"https:\/\/www.ecuadortimes.net\/es\/wp-json\/wp\/v2\/posts"}],"about":[{"href":"https:\/\/www.ecuadortimes.net\/es\/wp-json\/wp\/v2\/types\/post"}],"author":[{"embeddable":true,"href":"https:\/\/www.ecuadortimes.net\/es\/wp-json\/wp\/v2\/users\/1"}],"replies":[{"embeddable":true,"href":"https:\/\/www.ecuadortimes.net\/es\/wp-json\/wp\/v2\/comments?post=221186"}],"version-history":[{"count":0,"href":"https:\/\/www.ecuadortimes.net\/es\/wp-json\/wp\/v2\/posts\/221186\/revisions"}],"wp:featuredmedia":[{"embeddable":true,"href":"https:\/\/www.ecuadortimes.net\/es\/wp-json\/wp\/v2\/media\/221187"}],"wp:attachment":[{"href":"https:\/\/www.ecuadortimes.net\/es\/wp-json\/wp\/v2\/media?parent=221186"}],"wp:term":[{"taxonomy":"category","embeddable":true,"href":"https:\/\/www.ecuadortimes.net\/es\/wp-json\/wp\/v2\/categories?post=221186"},{"taxonomy":"post_tag","embeddable":true,"href":"https:\/\/www.ecuadortimes.net\/es\/wp-json\/wp\/v2\/tags?post=221186"}],"curies":[{"name":"wp","href":"https:\/\/api.w.org\/{rel}","templated":true}]}}