{"id":221198,"date":"2013-10-03T00:00:00","date_gmt":"2013-10-03T00:00:00","guid":{"rendered":"https:\/\/www.ecuadortimes.net\/es\/labor-de-la-comision-de-la-verdad-es-avalada-por-la-ley\/"},"modified":"2013-10-03T00:00:00","modified_gmt":"2013-10-03T00:00:00","slug":"labor-de-la-comision-de-la-verdad-es-avalada-por-la-ley","status":"publish","type":"post","link":"https:\/\/www.ecuadortimes.net\/es\/labor-de-la-comision-de-la-verdad-es-avalada-por-la-ley\/","title":{"rendered":"Labor de la Comisi\u00f3n de la Verdad es avalada por la ley"},"content":{"rendered":"<div id=\"attachment_134422\" style=\"width: 350px\" class=\"wp-caption alignright\"><img aria-describedby=\"caption-attachment-134422\" loading=\"lazy\" class=\"size-full wp-image-134422\" alt=\"Rafael Correa aprobar\u00e1 Ley para Comisi\u00f3n de la Verdad\" src=\"https:\/\/www.ecuadortimes.net\/es\/wp-content\/uploads\/2013\/10\/Rafael-Correa-Comision-de-la-Verdad.jpg\" width=\"340\" height=\"256\" \/><p id=\"caption-attachment-134422\" class=\"wp-caption-text\">Rafael Correa aprobar\u00e1 Ley para Comisi\u00f3n de la Verdad<\/p><\/div>\n<p><strong>La Corte Nacional de Justicia resolvi\u00f3 ayer comenzar con la instrucci\u00f3n fiscal contra 10 altos oficiales de la Polic\u00eda Nacional y Fuerzas Armadas por delitos de lesa humanidad, en la Asamblea. Este segundo debate fue aprobado, por 92 legisladores oficialistas, para el segundo proyecto de Ley para la reparaci\u00f3n de v\u00edctimas.<\/strong><\/p>\n<p>Dicha Ley, que ser\u00e1 aprobada por el l\u00edder del r\u00e9gimen, para su aprobaci\u00f3n final o el veto total o parcial de su vigencia, plantea regular la reparaci\u00f3n de forma integral a las v\u00edctimas que sufrieron serias violaciones de sus derechos humanos y delitos de lesa humanidad, que se suscitaron en el Ecuador entre el 4 de octubre de 1983 y el 31 de diciembre de 2008. Estos hechos fueron documentadas por la Comisi\u00f3n de la Verdad, tambi\u00e9n se debe garantizar la judicializaci\u00f3n de esas violaciones.<\/p>\n<p>Durante ese periodo la Comisi\u00f3n de la Verdad registro 118 casos, muchos de ellos colectivos, llegando a un total de 456 v\u00edctimas en seis tipos de violaciones de los derechos humanos en los que enfoc\u00f3 su labor.<\/p>\n<p>La nueva Ley reconocer\u00e1 tambi\u00e9n la responsabilidad del Estado ecuatoriano sobre las violaciones de los derechos humanos y reconoce que las v\u00edctimas sufrieron atentados injustificables contra su vida, libertad, integridad y dignidad.<\/p>\n","protected":false},"excerpt":{"rendered":"<p>La Corte Nacional de Justicia resolvi\u00f3 ayer comenzar con la instrucci\u00f3n fiscal contra 10 altos oficiales de la Polic\u00eda Nacional y Fuerzas Armadas por delitos de lesa humanidad, en la Asamblea. Este segundo debate fue aprobado, por 92 legisladores oficialistas, para el segundo proyecto de Ley para la reparaci\u00f3n de v\u00edctimas. Dicha Ley, que ser\u00e1 aprobada por el l\u00edder del r\u00e9gimen, para su aprobaci\u00f3n final o el veto total o parcial de su vigencia, plantea regular la reparaci\u00f3n de forma integral a las v\u00edctimas que sufrieron serias violaciones de sus derechos humanos y delitos de lesa humanidad, que se suscitaron en el Ecuador entre el 4 de octubre de 1983 y el 31 de diciembre de 2008. Estos hechos fueron documentadas por la Comisi\u00f3n de la Verdad, tambi\u00e9n se debe garantizar la judicializaci\u00f3n de esas violaciones. Durante ese periodo la Comisi\u00f3n de la Verdad registro 118 casos, muchos de ellos colectivos, llegando a un total de 456 v\u00edctimas en seis tipos de violaciones de los derechos humanos en los que enfoc\u00f3 su labor. La nueva Ley reconocer\u00e1 tambi\u00e9n la responsabilidad del Estado ecuatoriano sobre las violaciones de los derechos humanos y reconoce que las v\u00edctimas sufrieron atentados injustificables contra su vida, libertad, integridad y dignidad.<\/p>\n","protected":false},"author":1,"featured_media":221199,"comment_status":"open","ping_status":"open","sticky":false,"template":"","format":"standard","meta":[],"categories":[40,37],"tags":[],"_links":{"self":[{"href":"https:\/\/www.ecuadortimes.net\/es\/wp-json\/wp\/v2\/posts\/221198"}],"collection":[{"href":"https:\/\/www.ecuadortimes.net\/es\/wp-json\/wp\/v2\/posts"}],"about":[{"href":"https:\/\/www.ecuadortimes.net\/es\/wp-json\/wp\/v2\/types\/post"}],"author":[{"embeddable":true,"href":"https:\/\/www.ecuadortimes.net\/es\/wp-json\/wp\/v2\/users\/1"}],"replies":[{"embeddable":true,"href":"https:\/\/www.ecuadortimes.net\/es\/wp-json\/wp\/v2\/comments?post=221198"}],"version-history":[{"count":0,"href":"https:\/\/www.ecuadortimes.net\/es\/wp-json\/wp\/v2\/posts\/221198\/revisions"}],"wp:featuredmedia":[{"embeddable":true,"href":"https:\/\/www.ecuadortimes.net\/es\/wp-json\/wp\/v2\/media\/221199"}],"wp:attachment":[{"href":"https:\/\/www.ecuadortimes.net\/es\/wp-json\/wp\/v2\/media?parent=221198"}],"wp:term":[{"taxonomy":"category","embeddable":true,"href":"https:\/\/www.ecuadortimes.net\/es\/wp-json\/wp\/v2\/categories?post=221198"},{"taxonomy":"post_tag","embeddable":true,"href":"https:\/\/www.ecuadortimes.net\/es\/wp-json\/wp\/v2\/tags?post=221198"}],"curies":[{"name":"wp","href":"https:\/\/api.w.org\/{rel}","templated":true}]}}