{"id":221209,"date":"2013-10-03T00:00:00","date_gmt":"2013-10-03T00:00:00","guid":{"rendered":"https:\/\/www.ecuadortimes.net\/es\/papa-francisco-y-cardenales-buscan-renovar-la-iglesia-catolica\/"},"modified":"2013-10-03T00:00:00","modified_gmt":"2013-10-03T00:00:00","slug":"papa-francisco-y-cardenales-buscan-renovar-la-iglesia-catolica","status":"publish","type":"post","link":"https:\/\/www.ecuadortimes.net\/es\/papa-francisco-y-cardenales-buscan-renovar-la-iglesia-catolica\/","title":{"rendered":"Papa Francisco y cardenales buscan &#8220;renovar&#8221; la Iglesia cat\u00f3lica"},"content":{"rendered":"<p style=\"text-align: left;\"><img loading=\"lazy\" class=\"wp-image-134445 alignleft\" alt=\"Screen Shot 2013-10-03 at 13.57.13\" src=\"https:\/\/www.ecuadortimes.net\/es\/wp-content\/uploads\/2013\/10\/Screen-Shot-2013-10-03-at-13.57.13.png\" width=\"375\" height=\"263\" \/>Federico Lombardi, portavoz de la Santa Sede, anunci\u00f3 que un grupo de ocho cardenales, liderados por el papa Francisco y denominados G8, se han reunido desde el martes para trabajar en la renovaci\u00f3n\u009d de la Iglesia del Concilio Vaticano II.<\/p>\n<p>&#8220;Su trabajo no se limita a temas organizativos para que la instituci\u00f3n sea m\u00e1s eficaz. Comenzaron trabajando sobre la eclesiolog\u00eda a partir de Vaticano II&#8221; [el Concilio (1962\/65) que abri\u00f3 la Iglesia al mundo], explic\u00f3 Lombardi.<\/p>\n<p>En las pr\u00f3ximas sesiones, se planea examinar el funcionamiento de la familia pastoral (incluye el tema del divorcio y de segundas nupcias).<\/p>\n<p>Ante preguntas sobre &#8220;C\u00f3mo puede ser santa una Iglesia hecha de seres humanos, de pecadores? Hombres pecadores, mujeres pecadoras, sacerdotes pecadores, monjas pecadoras, obispos pecadores, cardenales pecadores, papas pecadores. C\u00f3mo puede ser santa una Iglesia as\u00ed?&#8221;, Francisco respondi\u00f3 que es santa porque &#8220;procede de Dios&#8221;, por ende la Iglesia no rechaza a los pecadores.<\/p>\n","protected":false},"excerpt":{"rendered":"<p>Federico Lombardi, portavoz de la Santa Sede, anunci\u00f3 que un grupo de ocho cardenales, liderados por el papa Francisco y denominados G8, se han reunido desde el martes para trabajar en la renovaci\u00f3n\u009d de la Iglesia del Concilio Vaticano II. &#8220;Su trabajo no se limita a temas organizativos para que la instituci\u00f3n sea m\u00e1s eficaz. Comenzaron trabajando sobre la eclesiolog\u00eda a partir de Vaticano II&#8221; [el Concilio (1962\/65) que abri\u00f3 la Iglesia al mundo], explic\u00f3 Lombardi. En las pr\u00f3ximas sesiones, se planea examinar el funcionamiento de la familia pastoral (incluye el tema del divorcio y de segundas nupcias). Ante preguntas sobre &#8220;C\u00f3mo puede ser santa una Iglesia hecha de seres humanos, de pecadores? Hombres pecadores, mujeres pecadoras, sacerdotes pecadores, monjas pecadoras, obispos pecadores, cardenales pecadores, papas pecadores. C\u00f3mo puede ser santa una Iglesia as\u00ed?&#8221;, Francisco respondi\u00f3 que es santa porque &#8220;procede de Dios&#8221;, por ende la Iglesia no rechaza a los pecadores.<\/p>\n","protected":false},"author":1,"featured_media":0,"comment_status":"open","ping_status":"open","sticky":false,"template":"","format":"standard","meta":[],"categories":[36,37],"tags":[],"_links":{"self":[{"href":"https:\/\/www.ecuadortimes.net\/es\/wp-json\/wp\/v2\/posts\/221209"}],"collection":[{"href":"https:\/\/www.ecuadortimes.net\/es\/wp-json\/wp\/v2\/posts"}],"about":[{"href":"https:\/\/www.ecuadortimes.net\/es\/wp-json\/wp\/v2\/types\/post"}],"author":[{"embeddable":true,"href":"https:\/\/www.ecuadortimes.net\/es\/wp-json\/wp\/v2\/users\/1"}],"replies":[{"embeddable":true,"href":"https:\/\/www.ecuadortimes.net\/es\/wp-json\/wp\/v2\/comments?post=221209"}],"version-history":[{"count":0,"href":"https:\/\/www.ecuadortimes.net\/es\/wp-json\/wp\/v2\/posts\/221209\/revisions"}],"wp:attachment":[{"href":"https:\/\/www.ecuadortimes.net\/es\/wp-json\/wp\/v2\/media?parent=221209"}],"wp:term":[{"taxonomy":"category","embeddable":true,"href":"https:\/\/www.ecuadortimes.net\/es\/wp-json\/wp\/v2\/categories?post=221209"},{"taxonomy":"post_tag","embeddable":true,"href":"https:\/\/www.ecuadortimes.net\/es\/wp-json\/wp\/v2\/tags?post=221209"}],"curies":[{"name":"wp","href":"https:\/\/api.w.org\/{rel}","templated":true}]}}