{"id":221224,"date":"2013-10-04T00:00:00","date_gmt":"2013-10-04T00:00:00","guid":{"rendered":"https:\/\/www.ecuadortimes.net\/es\/gobernadora-del-guayas-seria-candidata-a-alcaldia-de-guayaquil\/"},"modified":"2013-10-04T00:00:00","modified_gmt":"2013-10-04T00:00:00","slug":"gobernadora-del-guayas-seria-candidata-a-alcaldia-de-guayaquil","status":"publish","type":"post","link":"https:\/\/www.ecuadortimes.net\/es\/gobernadora-del-guayas-seria-candidata-a-alcaldia-de-guayaquil\/","title":{"rendered":"Gobernadora del Guayas ser\u00eda candidata a alcald\u00eda de Guayaquil"},"content":{"rendered":"<div id=\"attachment_134481\" style=\"width: 350px\" class=\"wp-caption alignleft\"><a href=\"http:\/\/www.ecuadortimes.net\/es\/wp-content\/uploads\/2013\/10\/Viviana-Bonilla.jpg\"><img aria-describedby=\"caption-attachment-134481\" loading=\"lazy\" class=\"size-full wp-image-134481\" alt=\"Viviana Bonilla\" src=\"https:\/\/www.ecuadortimes.net\/es\/wp-content\/uploads\/2013\/10\/Viviana-Bonilla.jpg\" width=\"340\" height=\"256\" \/><\/a><p id=\"caption-attachment-134481\" class=\"wp-caption-text\">Viviana Bonilla<\/p><\/div>\n<p><strong>Uno de los miembros de la directiva provincial de Alianza Pa\u00eds en Guayas confirm\u00f3 ayer que la actual gobernadora de Guayas, Viviana Bonilla, fue nominada por el bur\u00f3 nacional del partido para que sea la candidata a la Alcald\u00eda de Guayaquil<\/strong> para las elecciones seccionales de febrero pr\u00f3ximo.<\/p>\n<p>El pasado 24 de julio, durante la sesi\u00f3n solemne que desarroll\u00f3 el Gobierno en conmemoraci\u00f3n de la fundaci\u00f3n de la ciudad, el presidente del Ecuador, Rafael Correa, se\u00f1al\u00f3 que se impone un relevo generacional. Basta de los mismos de siempre\u009d, haciendo referencia a una eventual reelecci\u00f3n de Jaime Nebot (PSC-MG), y dijo que la funcionaria ser\u00eda un lujo de candidata\u009d.<\/p>\n<p>As\u00ed mismo se conoci\u00f3 que el bur\u00f3 nacional de AP design\u00f3 a la actual asamble\u00edsta de Guayas Denisse Robles como candidata para la Alcald\u00eda de Milagro; ambas candidaturas deber\u00e1n ser ratificadas en la convenci\u00f3n nacional de la organizaci\u00f3n.<\/p>\n","protected":false},"excerpt":{"rendered":"<p>Uno de los miembros de la directiva provincial de Alianza Pa\u00eds en Guayas confirm\u00f3 ayer que la actual gobernadora de Guayas, Viviana Bonilla, fue nominada por el bur\u00f3 nacional del partido para que sea la candidata a la Alcald\u00eda de Guayaquil para las elecciones seccionales de febrero pr\u00f3ximo. El pasado 24 de julio, durante la sesi\u00f3n solemne que desarroll\u00f3 el Gobierno en conmemoraci\u00f3n de la fundaci\u00f3n de la ciudad, el presidente del Ecuador, Rafael Correa, se\u00f1al\u00f3 que se impone un relevo generacional. Basta de los mismos de siempre\u009d, haciendo referencia a una eventual reelecci\u00f3n de Jaime Nebot (PSC-MG), y dijo que la funcionaria ser\u00eda un lujo de candidata\u009d. As\u00ed mismo se conoci\u00f3 que el bur\u00f3 nacional de AP design\u00f3 a la actual asamble\u00edsta de Guayas Denisse Robles como candidata para la Alcald\u00eda de Milagro; ambas candidaturas deber\u00e1n ser ratificadas en la convenci\u00f3n nacional de la organizaci\u00f3n.<\/p>\n","protected":false},"author":1,"featured_media":221225,"comment_status":"open","ping_status":"open","sticky":false,"template":"","format":"standard","meta":[],"categories":[40,37],"tags":[],"_links":{"self":[{"href":"https:\/\/www.ecuadortimes.net\/es\/wp-json\/wp\/v2\/posts\/221224"}],"collection":[{"href":"https:\/\/www.ecuadortimes.net\/es\/wp-json\/wp\/v2\/posts"}],"about":[{"href":"https:\/\/www.ecuadortimes.net\/es\/wp-json\/wp\/v2\/types\/post"}],"author":[{"embeddable":true,"href":"https:\/\/www.ecuadortimes.net\/es\/wp-json\/wp\/v2\/users\/1"}],"replies":[{"embeddable":true,"href":"https:\/\/www.ecuadortimes.net\/es\/wp-json\/wp\/v2\/comments?post=221224"}],"version-history":[{"count":0,"href":"https:\/\/www.ecuadortimes.net\/es\/wp-json\/wp\/v2\/posts\/221224\/revisions"}],"wp:featuredmedia":[{"embeddable":true,"href":"https:\/\/www.ecuadortimes.net\/es\/wp-json\/wp\/v2\/media\/221225"}],"wp:attachment":[{"href":"https:\/\/www.ecuadortimes.net\/es\/wp-json\/wp\/v2\/media?parent=221224"}],"wp:term":[{"taxonomy":"category","embeddable":true,"href":"https:\/\/www.ecuadortimes.net\/es\/wp-json\/wp\/v2\/categories?post=221224"},{"taxonomy":"post_tag","embeddable":true,"href":"https:\/\/www.ecuadortimes.net\/es\/wp-json\/wp\/v2\/tags?post=221224"}],"curies":[{"name":"wp","href":"https:\/\/api.w.org\/{rel}","templated":true}]}}