{"id":221305,"date":"2013-10-09T00:00:00","date_gmt":"2013-10-09T00:00:00","guid":{"rendered":"https:\/\/www.ecuadortimes.net\/es\/ecuador-a-cortes-internacionales-por-caso-assange\/"},"modified":"2013-10-09T00:00:00","modified_gmt":"2013-10-09T00:00:00","slug":"ecuador-a-cortes-internacionales-por-caso-assange","status":"publish","type":"post","link":"https:\/\/www.ecuadortimes.net\/es\/ecuador-a-cortes-internacionales-por-caso-assange\/","title":{"rendered":"Ecuador a cortes internacionales por caso Assange"},"content":{"rendered":"<div id=\"attachment_134688\" style=\"width: 310px\" class=\"wp-caption alignleft\"><img aria-describedby=\"caption-attachment-134688\" loading=\"lazy\" class=\"size-medium wp-image-134688 \" alt=\"Ricardo Pati\u00f1o\" src=\"https:\/\/www.ecuadortimes.net\/es\/wp-content\/uploads\/2013\/10\/Ricardo-Patino-Assange-300x187.jpg\" width=\"300\" height=\"187\" \/><p id=\"caption-attachment-134688\" class=\"wp-caption-text\">Ricardo Pati\u00f1o<\/p><\/div>\n<p><strong>El ministro de relaciones exteriores, Ricardo Pati\u00f1o, inform\u00f3 que el r\u00e9gimen ecuatoriano estudia la posibilidad de recurrir a instancias judiciales internacionales por el caso de Julian Assange, fundador del portal informativo WikiLeaks, quien por exponer cables confidenciales de muchos gobiernos se asil\u00f3 en la embajada de Ecuador en Londres, Reino Unido. Assange no ha salido de la sede ecuatoriana desde el 19 de junio de 2012.<\/strong><\/p>\n<p><strong>Ya ha pasado m\u00e1s de un a\u00f1o que el se\u00f1or Assange est\u00e1 en nuestra legaci\u00f3n diplom\u00e1tica. Vamos a ver, estamos analizando seriamente qu\u00e9 tenemos que hacer en los pr\u00f3ximos meses para recurrir a otras instancias porque la diplom\u00e1tica hemos ido reforz\u00e1ndola, planteando propuesta tras propuesta<\/strong>\u009d, dijo Pati\u00f1o al canal incautado GamaTV.<\/p>\n<p>Durante la entrevista, Pati\u00f1o fue cuestionado por el tipo de entes que se utilizar\u00edan, ante esto el jefe de la diplomacia de Ecuador respondi\u00f3 <strong>instancias internacionales judiciales<\/strong>&#8220;. Al tiempo que precis\u00f3 que podr\u00edan llegar, por ejemplo, a la Corte Constitucional de Justicia para tratar este tema. <strong>En este organismo podr\u00edamos considerar el planteamiento, no se trata de los tribunales de arbitraje que tratan los temas entre empresas privadas y estados<\/strong>\u009d.<\/p>\n<p>Pati\u00f1o culmin\u00f3 el tema diciendo que no han recibido respuesta de parte del Reino Unido para la designaci\u00f3n de profesionales para <strong>encontrar jur\u00eddica, pol\u00edtica y diplom\u00e1ticamente una salida<\/strong>\u009d para Assange. A pesar que Pati\u00f1o indic\u00f3 que hay <strong>voluntad para reunirse<\/strong>\u009d por parte de Gran Breta\u00f1a, no llegan a una soluci\u00f3n y para \u00e9l es <strong>absolutamente inaceptable<\/strong>\u009d que Assange tenga casi un a\u00f1o y medio <strong>encerrado<\/strong>\u009d.<\/p>\n","protected":false},"excerpt":{"rendered":"<p>El ministro de relaciones exteriores, Ricardo Pati\u00f1o, inform\u00f3 que el r\u00e9gimen ecuatoriano estudia la posibilidad de recurrir a instancias judiciales internacionales por el caso de Julian Assange, fundador del portal informativo WikiLeaks, quien por exponer cables confidenciales de muchos gobiernos se asil\u00f3 en la embajada de Ecuador en Londres, Reino Unido. Assange no ha salido de la sede ecuatoriana desde el 19 de junio de 2012. Ya ha pasado m\u00e1s de un a\u00f1o que el se\u00f1or Assange est\u00e1 en nuestra legaci\u00f3n diplom\u00e1tica. Vamos a ver, estamos analizando seriamente qu\u00e9 tenemos que hacer en los pr\u00f3ximos meses para recurrir a otras instancias porque la diplom\u00e1tica hemos ido reforz\u00e1ndola, planteando propuesta tras propuesta\u009d, dijo Pati\u00f1o al canal incautado GamaTV. Durante la entrevista, Pati\u00f1o fue cuestionado por el tipo de entes que se utilizar\u00edan, ante esto el jefe de la diplomacia de Ecuador respondi\u00f3 instancias internacionales judiciales&#8220;. Al tiempo que precis\u00f3 que podr\u00edan llegar, por ejemplo, a la Corte Constitucional de Justicia para tratar este tema. En este organismo podr\u00edamos considerar el planteamiento, no se trata de los tribunales de arbitraje que tratan los temas entre empresas privadas y estados\u009d. Pati\u00f1o culmin\u00f3 el tema diciendo que no han recibido respuesta de parte del Reino Unido para la designaci\u00f3n de profesionales para encontrar jur\u00eddica, pol\u00edtica y diplom\u00e1ticamente una salida\u009d para Assange. A pesar que Pati\u00f1o indic\u00f3 que hay voluntad para reunirse\u009d por parte de Gran Breta\u00f1a, no llegan a una soluci\u00f3n y para \u00e9l es absolutamente inaceptable\u009d que Assange tenga casi un a\u00f1o y medio encerrado\u009d.<\/p>\n","protected":false},"author":1,"featured_media":221306,"comment_status":"open","ping_status":"open","sticky":false,"template":"","format":"standard","meta":[],"categories":[40,37],"tags":[],"_links":{"self":[{"href":"https:\/\/www.ecuadortimes.net\/es\/wp-json\/wp\/v2\/posts\/221305"}],"collection":[{"href":"https:\/\/www.ecuadortimes.net\/es\/wp-json\/wp\/v2\/posts"}],"about":[{"href":"https:\/\/www.ecuadortimes.net\/es\/wp-json\/wp\/v2\/types\/post"}],"author":[{"embeddable":true,"href":"https:\/\/www.ecuadortimes.net\/es\/wp-json\/wp\/v2\/users\/1"}],"replies":[{"embeddable":true,"href":"https:\/\/www.ecuadortimes.net\/es\/wp-json\/wp\/v2\/comments?post=221305"}],"version-history":[{"count":0,"href":"https:\/\/www.ecuadortimes.net\/es\/wp-json\/wp\/v2\/posts\/221305\/revisions"}],"wp:featuredmedia":[{"embeddable":true,"href":"https:\/\/www.ecuadortimes.net\/es\/wp-json\/wp\/v2\/media\/221306"}],"wp:attachment":[{"href":"https:\/\/www.ecuadortimes.net\/es\/wp-json\/wp\/v2\/media?parent=221305"}],"wp:term":[{"taxonomy":"category","embeddable":true,"href":"https:\/\/www.ecuadortimes.net\/es\/wp-json\/wp\/v2\/categories?post=221305"},{"taxonomy":"post_tag","embeddable":true,"href":"https:\/\/www.ecuadortimes.net\/es\/wp-json\/wp\/v2\/tags?post=221305"}],"curies":[{"name":"wp","href":"https:\/\/api.w.org\/{rel}","templated":true}]}}