{"id":221316,"date":"2013-10-09T00:00:00","date_gmt":"2013-10-09T00:00:00","guid":{"rendered":"https:\/\/www.ecuadortimes.net\/es\/presidenta-cristina-continua-con-su-recuperacion-posoperatoria\/"},"modified":"2013-10-09T00:00:00","modified_gmt":"2013-10-09T00:00:00","slug":"presidenta-cristina-continua-con-su-recuperacion-posoperatoria","status":"publish","type":"post","link":"https:\/\/www.ecuadortimes.net\/es\/presidenta-cristina-continua-con-su-recuperacion-posoperatoria\/","title":{"rendered":"Presidenta Cristina contin\u00faa con su recuperaci\u00f3n posoperatoria"},"content":{"rendered":"<p style=\"text-align: center;\"><img loading=\"lazy\" class=\"wp-image-134787 alignleft\" alt=\"Screen Shot 2013-10-09 at 14.46.51\" src=\"https:\/\/www.ecuadortimes.net\/es\/wp-content\/uploads\/2013\/10\/Screen-Shot-2013-10-09-at-14.46.51.png\" width=\"368\" height=\"263\" \/><\/p>\n<p>Un nuevo informe m\u00e9dico detalla el estado de salud actual de la presidenta argentina, Cristina Fern\u00e1ndez de Kirchner.<\/p>\n<p>El vocero Alfredo Scoccimarro inform\u00f3 que Cristina contin\u00faa bien y que en su primera noche despu\u00e9s de la cirug\u00eda, descans\u00f3 muy bien &#8220;toda la noche&#8221;. Se\u00f1al\u00f3 que hoy la mandataria empez\u00f3 a ingerir alimentos y que &#8220;les manda un beso muy grande a todos los argentinos&#8221;.<\/p>\n<p>Scoccimarro destac\u00f3 el progreso en el estado de salud de Cristina y entreg\u00f3 el segundo parte m\u00e9dico.<\/p>\n<p><i>&#8220;En el primer d\u00eda posoperatorio, la presidenta evoluciona favorablemente, sin complicaciones. Contin\u00faa con estricto control m\u00e9dico&#8221;,<\/i> informan desde la Fundaci\u00f3n Favaloro.<\/p>\n<p>La presidenta argentina continuar\u00e1 internada en la Unidad de Cuidados Intensivos y se espera el alta este mismo fin de semana, pero deber\u00e1 continuar con el reposo m\u00e9dico por un mes. El pr\u00f3ximo parte lo dar\u00e1n ma\u00f1ana al mediod\u00eda.<\/p>\n","protected":false},"excerpt":{"rendered":"<p>Un nuevo informe m\u00e9dico detalla el estado de salud actual de la presidenta argentina, Cristina Fern\u00e1ndez de Kirchner. El vocero Alfredo Scoccimarro inform\u00f3 que Cristina contin\u00faa bien y que en su primera noche despu\u00e9s de la cirug\u00eda, descans\u00f3 muy bien &#8220;toda la noche&#8221;. Se\u00f1al\u00f3 que hoy la mandataria empez\u00f3 a ingerir alimentos y que &#8220;les manda un beso muy grande a todos los argentinos&#8221;. Scoccimarro destac\u00f3 el progreso en el estado de salud de Cristina y entreg\u00f3 el segundo parte m\u00e9dico. &#8220;En el primer d\u00eda posoperatorio, la presidenta evoluciona favorablemente, sin complicaciones. Contin\u00faa con estricto control m\u00e9dico&#8221;, informan desde la Fundaci\u00f3n Favaloro. La presidenta argentina continuar\u00e1 internada en la Unidad de Cuidados Intensivos y se espera el alta este mismo fin de semana, pero deber\u00e1 continuar con el reposo m\u00e9dico por un mes. El pr\u00f3ximo parte lo dar\u00e1n ma\u00f1ana al mediod\u00eda.<\/p>\n","protected":false},"author":1,"featured_media":0,"comment_status":"open","ping_status":"open","sticky":false,"template":"","format":"standard","meta":[],"categories":[34,37],"tags":[],"_links":{"self":[{"href":"https:\/\/www.ecuadortimes.net\/es\/wp-json\/wp\/v2\/posts\/221316"}],"collection":[{"href":"https:\/\/www.ecuadortimes.net\/es\/wp-json\/wp\/v2\/posts"}],"about":[{"href":"https:\/\/www.ecuadortimes.net\/es\/wp-json\/wp\/v2\/types\/post"}],"author":[{"embeddable":true,"href":"https:\/\/www.ecuadortimes.net\/es\/wp-json\/wp\/v2\/users\/1"}],"replies":[{"embeddable":true,"href":"https:\/\/www.ecuadortimes.net\/es\/wp-json\/wp\/v2\/comments?post=221316"}],"version-history":[{"count":0,"href":"https:\/\/www.ecuadortimes.net\/es\/wp-json\/wp\/v2\/posts\/221316\/revisions"}],"wp:attachment":[{"href":"https:\/\/www.ecuadortimes.net\/es\/wp-json\/wp\/v2\/media?parent=221316"}],"wp:term":[{"taxonomy":"category","embeddable":true,"href":"https:\/\/www.ecuadortimes.net\/es\/wp-json\/wp\/v2\/categories?post=221316"},{"taxonomy":"post_tag","embeddable":true,"href":"https:\/\/www.ecuadortimes.net\/es\/wp-json\/wp\/v2\/tags?post=221316"}],"curies":[{"name":"wp","href":"https:\/\/api.w.org\/{rel}","templated":true}]}}