{"id":222092,"date":"2013-11-28T00:00:00","date_gmt":"2013-11-28T00:00:00","guid":{"rendered":"https:\/\/www.ecuadortimes.net\/es\/carlos-ochoa-enfrenta-mas-quejas-contra-algunos-medios\/"},"modified":"2013-11-28T00:00:00","modified_gmt":"2013-11-28T00:00:00","slug":"carlos-ochoa-enfrenta-mas-quejas-contra-algunos-medios","status":"publish","type":"post","link":"https:\/\/www.ecuadortimes.net\/es\/carlos-ochoa-enfrenta-mas-quejas-contra-algunos-medios\/","title":{"rendered":"Carlos Ochoa enfrenta m\u00e1s quejas contra algunos medios"},"content":{"rendered":"<div id=\"attachment_137666\" style=\"width: 310px\" class=\"wp-caption alignleft\"><img aria-describedby=\"caption-attachment-137666\" loading=\"lazy\" class=\"size-medium wp-image-137666\" alt=\"Carlos Ochoa\" src=\"https:\/\/www.ecuadortimes.net\/es\/wp-content\/uploads\/2013\/11\/Carlos-Ochoa-300x191.jpg\" width=\"300\" height=\"191\" \/><p id=\"caption-attachment-137666\" class=\"wp-caption-text\">Carlos Ochoa<\/p><\/div>\n<p>El superintendente de Informaci\u00f3n, Carlos Ochoa, recibi\u00f3 un nuevo reclamo contra el diario Extra. Los representantes de la Escuela Polit\u00e9cnica de Chimborazo, de la Universidad Nacional de Chimborazo, y el legislador Mauro Andino, pidieron a Ochoa que analice un supuesto mal manejo period\u00edstico de diario Extra\u009d, tras la publicaci\u00f3n del 22 de noviembre pasado, de un accidente de tr\u00e1nsito en el que falleci\u00f3 el rector de la Polit\u00e9cnica, Romeo Rodr\u00edguez, y la relacionista p\u00fablica, Carola Donoso.<\/p>\n<p>Los denunciantes mantienen que la Ley de Comunicaci\u00f3n estar\u00eda siendo violada con respecto a la prohibici\u00f3n de im\u00e1genes que afectan la honra y reputaci\u00f3n de las personas. Puesto que el medio muestra una fotograf\u00eda del cuerpo sin vida de Rodr\u00edguez. Una imagen que vulnera la dignidad e integridad del fallecido y que va en contra de la \u00e9tica del periodismo\u009d.<\/p>\n<p>Hay que recordar que meses atr\u00e1s, el Consejo hizo una advertencia al impreso por la publicaci\u00f3n de contenidos discriminatorios\u009d a partir de otras denuncias.<\/p>\n<p>&nbsp;<\/p>\n","protected":false},"excerpt":{"rendered":"<p>El superintendente de Informaci\u00f3n, Carlos Ochoa, recibi\u00f3 un nuevo reclamo contra el diario Extra. Los representantes de la Escuela Polit\u00e9cnica de Chimborazo, de la Universidad Nacional de Chimborazo, y el legislador Mauro Andino, pidieron a Ochoa que analice un supuesto mal manejo period\u00edstico de diario Extra\u009d, tras la publicaci\u00f3n del 22 de noviembre pasado, de un accidente de tr\u00e1nsito en el que falleci\u00f3 el rector de la Polit\u00e9cnica, Romeo Rodr\u00edguez, y la relacionista p\u00fablica, Carola Donoso. Los denunciantes mantienen que la Ley de Comunicaci\u00f3n estar\u00eda siendo violada con respecto a la prohibici\u00f3n de im\u00e1genes que afectan la honra y reputaci\u00f3n de las personas. Puesto que el medio muestra una fotograf\u00eda del cuerpo sin vida de Rodr\u00edguez. Una imagen que vulnera la dignidad e integridad del fallecido y que va en contra de la \u00e9tica del periodismo\u009d. Hay que recordar que meses atr\u00e1s, el Consejo hizo una advertencia al impreso por la publicaci\u00f3n de contenidos discriminatorios\u009d a partir de otras denuncias. &nbsp;<\/p>\n","protected":false},"author":1,"featured_media":222093,"comment_status":"open","ping_status":"open","sticky":false,"template":"","format":"standard","meta":[],"categories":[40,37],"tags":[],"_links":{"self":[{"href":"https:\/\/www.ecuadortimes.net\/es\/wp-json\/wp\/v2\/posts\/222092"}],"collection":[{"href":"https:\/\/www.ecuadortimes.net\/es\/wp-json\/wp\/v2\/posts"}],"about":[{"href":"https:\/\/www.ecuadortimes.net\/es\/wp-json\/wp\/v2\/types\/post"}],"author":[{"embeddable":true,"href":"https:\/\/www.ecuadortimes.net\/es\/wp-json\/wp\/v2\/users\/1"}],"replies":[{"embeddable":true,"href":"https:\/\/www.ecuadortimes.net\/es\/wp-json\/wp\/v2\/comments?post=222092"}],"version-history":[{"count":0,"href":"https:\/\/www.ecuadortimes.net\/es\/wp-json\/wp\/v2\/posts\/222092\/revisions"}],"wp:featuredmedia":[{"embeddable":true,"href":"https:\/\/www.ecuadortimes.net\/es\/wp-json\/wp\/v2\/media\/222093"}],"wp:attachment":[{"href":"https:\/\/www.ecuadortimes.net\/es\/wp-json\/wp\/v2\/media?parent=222092"}],"wp:term":[{"taxonomy":"category","embeddable":true,"href":"https:\/\/www.ecuadortimes.net\/es\/wp-json\/wp\/v2\/categories?post=222092"},{"taxonomy":"post_tag","embeddable":true,"href":"https:\/\/www.ecuadortimes.net\/es\/wp-json\/wp\/v2\/tags?post=222092"}],"curies":[{"name":"wp","href":"https:\/\/api.w.org\/{rel}","templated":true}]}}