{"id":222107,"date":"2013-11-29T00:00:00","date_gmt":"2013-11-29T00:00:00","guid":{"rendered":"https:\/\/www.ecuadortimes.net\/es\/corte-de-pichincha-niega-apelacion-de-doce-estudiantes-del-ict\/"},"modified":"2013-11-29T00:00:00","modified_gmt":"2013-11-29T00:00:00","slug":"corte-de-pichincha-niega-apelacion-de-doce-estudiantes-del-ict","status":"publish","type":"post","link":"https:\/\/www.ecuadortimes.net\/es\/corte-de-pichincha-niega-apelacion-de-doce-estudiantes-del-ict\/","title":{"rendered":"Corte de Pichincha niega apelaci\u00f3n de doce estudiantes del ICT"},"content":{"rendered":"<div id=\"attachment_137700\" style=\"width: 310px\" class=\"wp-caption alignright\"><img aria-describedby=\"caption-attachment-137700\" loading=\"lazy\" class=\"size-medium wp-image-137700\" alt=\"Estudiantes del Instituto Central T\u00e9cnico enfrentan posible prisi\u00f3n\" src=\"https:\/\/www.ecuadortimes.net\/es\/wp-content\/uploads\/2013\/11\/ICT-rebellion-300x191.jpg\" width=\"300\" height=\"191\" \/><p id=\"caption-attachment-137700\" class=\"wp-caption-text\">Estudiantes del Instituto Central T\u00e9cnico enfrentan posible prisi\u00f3n<\/p><\/div>\n<p>El recurso de apelaci\u00f3n a la sentencia de doce estudiantes del Instituto Central T\u00e9cnico (ICT) fue negado por la Sala Penal de la Corte de Pichincha, juicio que surgi\u00f3 tras una manifestaci\u00f3n el 22 de febrero pasado, donde los estudiantes fueron acusados de rebeli\u00f3n.<\/p>\n<p>El recurso fue utilizado por ocho de los 12 estudiantes, y ayer, tras deliberar por tres horas, la Corte ratific\u00f3 el fallo del Tribunal Noveno de Garant\u00edas Penales. Ahora los deber\u00e1n acudir a la Corte Nacional de Justicia para plantear un recurso de casaci\u00f3n a la sentencia, as\u00ed lo indic\u00f3 el abogado Washington Serrano.<\/p>\n<p>Serrano dijo que la Fiscal\u00eda no dio esos argumentos y hoy nos sacan uno nuevo para justificar esta ilegalidad\u009d, mientras que el fiscal Jos\u00e9 Jaramillo mantuvo que siempre se argument\u00f3 que los procesados se rebelaron, se levantaron contra una orden de la autoridad y esa conducta grupal los eleva a cada uno a circunscribirse como autor del delito de rebeli\u00f3n\u009d.<\/p>\n","protected":false},"excerpt":{"rendered":"<p>El recurso de apelaci\u00f3n a la sentencia de doce estudiantes del Instituto Central T\u00e9cnico (ICT) fue negado por la Sala Penal de la Corte de Pichincha, juicio que surgi\u00f3 tras una manifestaci\u00f3n el 22 de febrero pasado, donde los estudiantes fueron acusados de rebeli\u00f3n. El recurso fue utilizado por ocho de los 12 estudiantes, y ayer, tras deliberar por tres horas, la Corte ratific\u00f3 el fallo del Tribunal Noveno de Garant\u00edas Penales. Ahora los deber\u00e1n acudir a la Corte Nacional de Justicia para plantear un recurso de casaci\u00f3n a la sentencia, as\u00ed lo indic\u00f3 el abogado Washington Serrano. Serrano dijo que la Fiscal\u00eda no dio esos argumentos y hoy nos sacan uno nuevo para justificar esta ilegalidad\u009d, mientras que el fiscal Jos\u00e9 Jaramillo mantuvo que siempre se argument\u00f3 que los procesados se rebelaron, se levantaron contra una orden de la autoridad y esa conducta grupal los eleva a cada uno a circunscribirse como autor del delito de rebeli\u00f3n\u009d.<\/p>\n","protected":false},"author":1,"featured_media":222108,"comment_status":"open","ping_status":"open","sticky":false,"template":"","format":"standard","meta":[],"categories":[40,37],"tags":[],"_links":{"self":[{"href":"https:\/\/www.ecuadortimes.net\/es\/wp-json\/wp\/v2\/posts\/222107"}],"collection":[{"href":"https:\/\/www.ecuadortimes.net\/es\/wp-json\/wp\/v2\/posts"}],"about":[{"href":"https:\/\/www.ecuadortimes.net\/es\/wp-json\/wp\/v2\/types\/post"}],"author":[{"embeddable":true,"href":"https:\/\/www.ecuadortimes.net\/es\/wp-json\/wp\/v2\/users\/1"}],"replies":[{"embeddable":true,"href":"https:\/\/www.ecuadortimes.net\/es\/wp-json\/wp\/v2\/comments?post=222107"}],"version-history":[{"count":0,"href":"https:\/\/www.ecuadortimes.net\/es\/wp-json\/wp\/v2\/posts\/222107\/revisions"}],"wp:featuredmedia":[{"embeddable":true,"href":"https:\/\/www.ecuadortimes.net\/es\/wp-json\/wp\/v2\/media\/222108"}],"wp:attachment":[{"href":"https:\/\/www.ecuadortimes.net\/es\/wp-json\/wp\/v2\/media?parent=222107"}],"wp:term":[{"taxonomy":"category","embeddable":true,"href":"https:\/\/www.ecuadortimes.net\/es\/wp-json\/wp\/v2\/categories?post=222107"},{"taxonomy":"post_tag","embeddable":true,"href":"https:\/\/www.ecuadortimes.net\/es\/wp-json\/wp\/v2\/tags?post=222107"}],"curies":[{"name":"wp","href":"https:\/\/api.w.org\/{rel}","templated":true}]}}