{"id":222109,"date":"2013-11-29T00:00:00","date_gmt":"2013-11-29T00:00:00","guid":{"rendered":"https:\/\/www.ecuadortimes.net\/es\/el-papa-sera-propuesto-para-premio-nobel-de-la-paz\/"},"modified":"2013-11-29T00:00:00","modified_gmt":"2013-11-29T00:00:00","slug":"el-papa-sera-propuesto-para-premio-nobel-de-la-paz","status":"publish","type":"post","link":"https:\/\/www.ecuadortimes.net\/es\/el-papa-sera-propuesto-para-premio-nobel-de-la-paz\/","title":{"rendered":"El Papa ser\u00e1 propuesto para premio Nobel de la Paz"},"content":{"rendered":"<div id=\"attachment_137705\" style=\"width: 310px\" class=\"wp-caption alignleft\"><a href=\"http:\/\/www.ecuadortimes.net\/es\/wp-content\/uploads\/2013\/11\/fco.jpg\"><img aria-describedby=\"caption-attachment-137705\" loading=\"lazy\" class=\"size-medium wp-image-137705\" alt=\"Papa Francisco\" src=\"https:\/\/www.ecuadortimes.net\/es\/wp-content\/uploads\/2013\/11\/fco-300x187.jpg\" width=\"300\" height=\"187\" \/><\/a><p id=\"caption-attachment-137705\" class=\"wp-caption-text\">Papa FranciscoFrancis<\/p><\/div>\n<p><strong>Por su llamado de poner fin a la violencia en Siria y liderar el d\u00eda mundial de ayuno y oraci\u00f3n por la causa, la C\u00e1mara de Diputados argentina aprob\u00f3 un proyecto para postular al pont\u00edfice y exarzobispo de Buenos Aires, Jorge Bergolio, al premio Nobel de la Paz.<\/strong><\/p>\n<p><strong><\/strong>Adem\u00e1s, prev\u00e9n emitir una moneda conmemorativa por la elecci\u00f3n del papa argentino en marzo pasado.<\/p>\n<p>Francisco se ha granjeado simpat\u00edas en el mundo cat\u00f3lico, desde que asumi\u00f3 el papado, por sus actitudes de humildad, modestia y austeridad y una pol\u00edtica de transparencia y apertura de la iglesia hacia su verdadera vocaci\u00f3n de servicio espiritual. Tambi\u00e9n ha tenido resistencia en algunos sectores de la iglesia, calificados de conservadores.<\/p>\n","protected":false},"excerpt":{"rendered":"<p>Por su llamado de poner fin a la violencia en Siria y liderar el d\u00eda mundial de ayuno y oraci\u00f3n por la causa, la C\u00e1mara de Diputados argentina aprob\u00f3 un proyecto para postular al pont\u00edfice y exarzobispo de Buenos Aires, Jorge Bergolio, al premio Nobel de la Paz. Adem\u00e1s, prev\u00e9n emitir una moneda conmemorativa por la elecci\u00f3n del papa argentino en marzo pasado. Francisco se ha granjeado simpat\u00edas en el mundo cat\u00f3lico, desde que asumi\u00f3 el papado, por sus actitudes de humildad, modestia y austeridad y una pol\u00edtica de transparencia y apertura de la iglesia hacia su verdadera vocaci\u00f3n de servicio espiritual. Tambi\u00e9n ha tenido resistencia en algunos sectores de la iglesia, calificados de conservadores.<\/p>\n","protected":false},"author":1,"featured_media":222110,"comment_status":"open","ping_status":"open","sticky":false,"template":"","format":"standard","meta":[],"categories":[36,37],"tags":[],"_links":{"self":[{"href":"https:\/\/www.ecuadortimes.net\/es\/wp-json\/wp\/v2\/posts\/222109"}],"collection":[{"href":"https:\/\/www.ecuadortimes.net\/es\/wp-json\/wp\/v2\/posts"}],"about":[{"href":"https:\/\/www.ecuadortimes.net\/es\/wp-json\/wp\/v2\/types\/post"}],"author":[{"embeddable":true,"href":"https:\/\/www.ecuadortimes.net\/es\/wp-json\/wp\/v2\/users\/1"}],"replies":[{"embeddable":true,"href":"https:\/\/www.ecuadortimes.net\/es\/wp-json\/wp\/v2\/comments?post=222109"}],"version-history":[{"count":0,"href":"https:\/\/www.ecuadortimes.net\/es\/wp-json\/wp\/v2\/posts\/222109\/revisions"}],"wp:featuredmedia":[{"embeddable":true,"href":"https:\/\/www.ecuadortimes.net\/es\/wp-json\/wp\/v2\/media\/222110"}],"wp:attachment":[{"href":"https:\/\/www.ecuadortimes.net\/es\/wp-json\/wp\/v2\/media?parent=222109"}],"wp:term":[{"taxonomy":"category","embeddable":true,"href":"https:\/\/www.ecuadortimes.net\/es\/wp-json\/wp\/v2\/categories?post=222109"},{"taxonomy":"post_tag","embeddable":true,"href":"https:\/\/www.ecuadortimes.net\/es\/wp-json\/wp\/v2\/tags?post=222109"}],"curies":[{"name":"wp","href":"https:\/\/api.w.org\/{rel}","templated":true}]}}