{"id":222111,"date":"2013-11-29T00:00:00","date_gmt":"2013-11-29T00:00:00","guid":{"rendered":"https:\/\/www.ecuadortimes.net\/es\/a-ecuador-le-preocupan-los-riesgos-de-la-paz-en-colombia\/"},"modified":"2013-11-29T00:00:00","modified_gmt":"2013-11-29T00:00:00","slug":"a-ecuador-le-preocupan-los-riesgos-de-la-paz-en-colombia","status":"publish","type":"post","link":"https:\/\/www.ecuadortimes.net\/es\/a-ecuador-le-preocupan-los-riesgos-de-la-paz-en-colombia\/","title":{"rendered":"A Ecuador le preocupan los riesgos de la paz en Colombia"},"content":{"rendered":"<div>\n<div id=\"attachment_137708\" style=\"width: 310px\" class=\"wp-caption alignleft\"><a href=\"http:\/\/www.ecuadortimes.net\/es\/wp-content\/uploads\/2013\/11\/arellano.jpg\"><img aria-describedby=\"caption-attachment-137708\" loading=\"lazy\" class=\"size-medium wp-image-137708\" alt=\"Ministro Homero Arellano\" src=\"https:\/\/www.ecuadortimes.net\/es\/wp-content\/uploads\/2013\/11\/arellano-300x187.jpg\" width=\"300\" height=\"187\" \/><\/a><p id=\"caption-attachment-137708\" class=\"wp-caption-text\">Ministro Homero Arellano<\/p><\/div>\n<p><strong>El Ministro de Seguridad, Homero Arellano, expres\u00f3 su preocupaci\u00f3n por los problemas que podr\u00eda ocasionar en la frontera el desarme de las FARC en Colombia. Ecuador ser\u00e1 otro de los beneficiarios, pero sabemos tambi\u00e9n, desde el sector de seguridad, que esta paz presupone momentos dif\u00edciles\u009d, manifest\u00f3.<\/strong><\/p>\n<p><strong><\/strong>Advirti\u00f3\u00a0que el principal riesgo es que desarmar a la guerrilla de 7 000 combatientes d\u00e9 lugar a bandas que se involucren en el tr\u00e1fico de drogas y la miner\u00eda ilegal, como lo sucedido en 2006 cuando cientos de combatientes se organizaron en bandas criminales con la desmovilizaci\u00f3n de los paramilitares en territorio colombo ecuatoriano.<\/p>\n<p>Por esto, indic\u00f3 Arellano, prev\u00e9n incorporar nuevas formas de patrullaje con unidades de vigilancia e infraestructura especializada en la frontera.<\/p>\n<p>En los \u00faltimos a\u00f1os Ecuador ha enviado cerca de 10 000 uniformados a la frontera para evitar el paso de rebeldes, y acoge a 55 000 refugiados. Aproximadamente $ 120 millones anuales son destinados a esta causa.<\/p>\n<p>Sabemos que este es un proceso que se est\u00e1 iniciando con \u00e9xito, con el liderazgo del presidente (colombiano) Juan Manuel Santos, y ojal\u00e1 terminen bien las negociaciones de La Habana&#8221;, dijo Arellano.<\/p>\n<\/div>\n<div>\n<p>&nbsp;<\/p>\n<\/div>\n","protected":false},"excerpt":{"rendered":"<p>El Ministro de Seguridad, Homero Arellano, expres\u00f3 su preocupaci\u00f3n por los problemas que podr\u00eda ocasionar en la frontera el desarme de las FARC en Colombia. Ecuador ser\u00e1 otro de los beneficiarios, pero sabemos tambi\u00e9n, desde el sector de seguridad, que esta paz presupone momentos dif\u00edciles\u009d, manifest\u00f3. Advirti\u00f3\u00a0que el principal riesgo es que desarmar a la guerrilla de 7 000 combatientes d\u00e9 lugar a bandas que se involucren en el tr\u00e1fico de drogas y la miner\u00eda ilegal, como lo sucedido en 2006 cuando cientos de combatientes se organizaron en bandas criminales con la desmovilizaci\u00f3n de los paramilitares en territorio colombo ecuatoriano. Por esto, indic\u00f3 Arellano, prev\u00e9n incorporar nuevas formas de patrullaje con unidades de vigilancia e infraestructura especializada en la frontera. En los \u00faltimos a\u00f1os Ecuador ha enviado cerca de 10 000 uniformados a la frontera para evitar el paso de rebeldes, y acoge a 55 000 refugiados. Aproximadamente $ 120 millones anuales son destinados a esta causa. Sabemos que este es un proceso que se est\u00e1 iniciando con \u00e9xito, con el liderazgo del presidente (colombiano) Juan Manuel Santos, y ojal\u00e1 terminen bien las negociaciones de La Habana&#8221;, dijo Arellano. &nbsp;<\/p>\n","protected":false},"author":1,"featured_media":222112,"comment_status":"open","ping_status":"open","sticky":false,"template":"","format":"standard","meta":[],"categories":[41,37],"tags":[],"_links":{"self":[{"href":"https:\/\/www.ecuadortimes.net\/es\/wp-json\/wp\/v2\/posts\/222111"}],"collection":[{"href":"https:\/\/www.ecuadortimes.net\/es\/wp-json\/wp\/v2\/posts"}],"about":[{"href":"https:\/\/www.ecuadortimes.net\/es\/wp-json\/wp\/v2\/types\/post"}],"author":[{"embeddable":true,"href":"https:\/\/www.ecuadortimes.net\/es\/wp-json\/wp\/v2\/users\/1"}],"replies":[{"embeddable":true,"href":"https:\/\/www.ecuadortimes.net\/es\/wp-json\/wp\/v2\/comments?post=222111"}],"version-history":[{"count":0,"href":"https:\/\/www.ecuadortimes.net\/es\/wp-json\/wp\/v2\/posts\/222111\/revisions"}],"wp:featuredmedia":[{"embeddable":true,"href":"https:\/\/www.ecuadortimes.net\/es\/wp-json\/wp\/v2\/media\/222112"}],"wp:attachment":[{"href":"https:\/\/www.ecuadortimes.net\/es\/wp-json\/wp\/v2\/media?parent=222111"}],"wp:term":[{"taxonomy":"category","embeddable":true,"href":"https:\/\/www.ecuadortimes.net\/es\/wp-json\/wp\/v2\/categories?post=222111"},{"taxonomy":"post_tag","embeddable":true,"href":"https:\/\/www.ecuadortimes.net\/es\/wp-json\/wp\/v2\/tags?post=222111"}],"curies":[{"name":"wp","href":"https:\/\/api.w.org\/{rel}","templated":true}]}}