{"id":222113,"date":"2013-11-29T00:00:00","date_gmt":"2013-11-29T00:00:00","guid":{"rendered":"https:\/\/www.ecuadortimes.net\/es\/incendio-en-la-refineria-de-esmeraldas-activo-emergencias\/"},"modified":"2013-11-29T00:00:00","modified_gmt":"2013-11-29T00:00:00","slug":"incendio-en-la-refineria-de-esmeraldas-activo-emergencias","status":"publish","type":"post","link":"https:\/\/www.ecuadortimes.net\/es\/incendio-en-la-refineria-de-esmeraldas-activo-emergencias\/","title":{"rendered":"Incendio en la refiner\u00eda de Esmeraldas activ\u00f3 emergencias"},"content":{"rendered":"<div id=\"attachment_137711\" style=\"width: 310px\" class=\"wp-caption alignleft\"><a href=\"http:\/\/www.ecuadortimes.net\/es\/wp-content\/uploads\/2013\/11\/refineria.jpg\"><img aria-describedby=\"caption-attachment-137711\" loading=\"lazy\" class=\"size-medium wp-image-137711\" alt=\"El incendio se detect\u00f3 a las 02:26 de la madrugada\" src=\"https:\/\/www.ecuadortimes.net\/es\/wp-content\/uploads\/2013\/11\/refineria-300x187.jpg\" width=\"300\" height=\"187\" \/><\/a><p id=\"caption-attachment-137711\" class=\"wp-caption-text\">El incendio se detect\u00f3 a las 02:26 de la madrugada<\/p><\/div>\n<p><strong>A las 02:26 de ayer, las c\u00e1maras del sistema integrado de vigilancia ECU 911 captaron llamas en la Refiner\u00eda de Esmeraldas, donde el fuego mantuvo al complejo industrial en alerto por casi tres horas y alarm\u00f3 a la poblaci\u00f3n y autoridades.<\/strong><\/p>\n<p><strong><\/strong>El ECU 911 logr\u00f3 determinar que el fuego proven\u00eda de una l\u00ednea que transportaba gas licuado de petr\u00f3leo cerca de las unidades de crudo.<\/p>\n<p>Adem\u00e1s de las motobombas de la refiner\u00eda, se requiri\u00f3 ayuda de tres m\u00e1s por parte del Cuerpo de Bomberos de Esmeraldas.<\/p>\n<p>Antes del amanecer, a las 05:00 se logr\u00f3 controlar el incendio en la petrolera estatal donde, seg\u00fan indicaron, las actividades contin\u00faan de manera normal, pues hay suficiente stock de combustibles en las terminales y dep\u00f3sitos.<\/p>\n","protected":false},"excerpt":{"rendered":"<p>A las 02:26 de ayer, las c\u00e1maras del sistema integrado de vigilancia ECU 911 captaron llamas en la Refiner\u00eda de Esmeraldas, donde el fuego mantuvo al complejo industrial en alerto por casi tres horas y alarm\u00f3 a la poblaci\u00f3n y autoridades. El ECU 911 logr\u00f3 determinar que el fuego proven\u00eda de una l\u00ednea que transportaba gas licuado de petr\u00f3leo cerca de las unidades de crudo. Adem\u00e1s de las motobombas de la refiner\u00eda, se requiri\u00f3 ayuda de tres m\u00e1s por parte del Cuerpo de Bomberos de Esmeraldas. Antes del amanecer, a las 05:00 se logr\u00f3 controlar el incendio en la petrolera estatal donde, seg\u00fan indicaron, las actividades contin\u00faan de manera normal, pues hay suficiente stock de combustibles en las terminales y dep\u00f3sitos.<\/p>\n","protected":false},"author":1,"featured_media":222114,"comment_status":"open","ping_status":"open","sticky":false,"template":"","format":"standard","meta":[],"categories":[41,37],"tags":[],"_links":{"self":[{"href":"https:\/\/www.ecuadortimes.net\/es\/wp-json\/wp\/v2\/posts\/222113"}],"collection":[{"href":"https:\/\/www.ecuadortimes.net\/es\/wp-json\/wp\/v2\/posts"}],"about":[{"href":"https:\/\/www.ecuadortimes.net\/es\/wp-json\/wp\/v2\/types\/post"}],"author":[{"embeddable":true,"href":"https:\/\/www.ecuadortimes.net\/es\/wp-json\/wp\/v2\/users\/1"}],"replies":[{"embeddable":true,"href":"https:\/\/www.ecuadortimes.net\/es\/wp-json\/wp\/v2\/comments?post=222113"}],"version-history":[{"count":0,"href":"https:\/\/www.ecuadortimes.net\/es\/wp-json\/wp\/v2\/posts\/222113\/revisions"}],"wp:featuredmedia":[{"embeddable":true,"href":"https:\/\/www.ecuadortimes.net\/es\/wp-json\/wp\/v2\/media\/222114"}],"wp:attachment":[{"href":"https:\/\/www.ecuadortimes.net\/es\/wp-json\/wp\/v2\/media?parent=222113"}],"wp:term":[{"taxonomy":"category","embeddable":true,"href":"https:\/\/www.ecuadortimes.net\/es\/wp-json\/wp\/v2\/categories?post=222113"},{"taxonomy":"post_tag","embeddable":true,"href":"https:\/\/www.ecuadortimes.net\/es\/wp-json\/wp\/v2\/tags?post=222113"}],"curies":[{"name":"wp","href":"https:\/\/api.w.org\/{rel}","templated":true}]}}